{"id":38311,"date":"2015-07-22T23:36:04","date_gmt":"2015-07-23T02:36:04","guid":{"rendered":"http:\/\/blitzconquista.com.br\/?p=38311"},"modified":"2015-07-22T23:36:04","modified_gmt":"2015-07-23T02:36:04","slug":"adams-entrega-ao-tcu-explicacoes-do-governo-sobre-prestacao-de-contas","status":"publish","type":"post","link":"http:\/\/blitzconquista.com.br\/?p=38311","title":{"rendered":"Adams entrega ao TCU explica\u00e7\u00f5es do governo sobre presta\u00e7\u00e3o de contas"},"content":{"rendered":"<p>O ministro-chefe da Advocacia-Geral da Uni\u00e3o (AGU), Lu\u00eds In\u00e1cio Adams, protocolou hoje (22) as respostas do governo aos questionamentos do Tribunal de Contas da Uni\u00e3o sobre ind\u00edcios de descumprimento da Lei de Responsabilidade Fiscal e da Lei Or\u00e7ament\u00e1ria Anual na presta\u00e7\u00e3o e contas do governo.<\/p>\n<p>No dia 17 de junho, o TCU adiou por 30 dias a an\u00e1lise das contas do governo federal e elencou 13 pontos na presta\u00e7\u00e3o de contas do governo da presidenta Dilma Rousseff, relativas ao ano de 2014, o prazo terminou nessa quarta-feira. Entre os questionamentos, o relator, ministro Augusto Nardes, considerou como irregularidade o atraso de repasses para a Caixa Econ\u00f4mica Federal e o Banco do Brasil referentes a despesas com programas do governo como o Minha Casa, Minha Vida, o Bolsa Fam\u00edlia, o seguro-desemprego e o abono salarial, o que configuraria opera\u00e7\u00e3o de cr\u00e9dito.<\/p>\n<p>Adams entregou o documento com mais de mil p\u00e1ginas \u2013 110 de esclarecimentos e 900 de anexos \u2013 ao presidente do tribunal, Aroldo Cedraz, que o repassou para Nardes. Ao receber o material, Nardes disse que far\u00e1 uma an\u00e1lise criteriosa, mas evitou falar em prazos para levar o material a aprecia\u00e7\u00e3o da corte.<\/p>\n<p>\u201cEu n\u00e3o tenho expectativa, vou estabelecer prioridade, propor para a \u00e1rea t\u00e9cnica urg\u00eancia na mat\u00e9ria, mas n\u00e3o posso estabelecer uma data, s\u00e3o mais de mil p\u00e1ginas, precisamos de uma an\u00e1lise muito criteriosa e que leve em considera\u00e7\u00e3o todas as pondera\u00e7\u00f5es feitas pela presidente da Rep\u00fablica\u201d, disse.<\/p>\n<p>Segundo o relator, o material ser\u00e1 encaminhado para a \u00e1rea t\u00e9cnica, que, ap\u00f3s an\u00e1lise, o encaminhar\u00e1 de volta a Nardes. O relator far\u00e1 seu voto e encaminhar\u00e1 as contas do governo para o Plen\u00e1rio do TCU, que pode emitir parecer recomendando ao Congresso Nacional a aprova\u00e7\u00e3o ou rejei\u00e7\u00e3o das mesmas.<\/p>\n<p>\u201cVamos dar toda a aten\u00e7\u00e3o. Este ineditismo de dar o contradit\u00f3rio para que a presidenta respondesse essas quest\u00f5es demonstra a import\u00e2ncia e a evolu\u00e7\u00e3o da sociedade na busca da transpar\u00eancia\u201d, completou.<\/p>\n<blockquote><p><strong>No entendimento de Nardes, a atitude do governo foi considerada uma opera\u00e7\u00e3o de cr\u00e9dito porque, na pr\u00e1tica, os bancos p\u00fablicos emprestavam valores \u00e0 Uni\u00e3o. O procedimento \u00e9 proibido pela LRF. \u201cVamos fazer todo o poss\u00edvel para que a lei seja cumprida\u201d, disse Nardes.<\/strong><\/p><\/blockquote>\n<p>Ao apresentar a resposta do governo, Adams justificou que existe uma jurisprud\u00eancia no TCU, que justifica as decis\u00f5es administrativas tomadas no \u00e2mbito da execu\u00e7\u00e3o or\u00e7ament\u00e1ria do ano passado e que se basearam no entendimento de que era usual dos tribunais de contas e \u00f3rg\u00e3os de controle da administra\u00e7\u00e3o p\u00fablica.<\/p>\n<p>Ele alegou ainda que as pr\u00e1ticas ocorreram durante per\u00edodos curtos, que acabam sendo compensados no momento em que os bancos recebem os recursos e ficam com saldos positivos.<\/p>\n<p>\u201cOs n\u00fameros da Caixa [Econ\u00f4mica Federal] mostram que existe uma sistem\u00e1tica com rela\u00e7\u00e3o ao repasse dos bancos p\u00fablicos em que havia situa\u00e7\u00f5es de pagamentos descobertos. Essa pr\u00e1tica tinha momento de volumes maiores ou menores, mas o fato \u00e9 que ela se incorporou como uma realidade do ponto de vista do sistema de pagamentos. N\u00f3s entendemos que isso \u00e9 uma presta\u00e7\u00e3o de servi\u00e7o, isso se incorpora a l\u00f3gica de presta\u00e7\u00e3o de servi\u00e7os\u201d, disse Adams.<\/p>\n<p>Segundo o ministro, o governo agora vai continuar o trabalho de debater as explica\u00e7\u00f5es com a \u00e1rea t\u00e9cnica e os ministros do TCU. \u201cA exist\u00eancia da pr\u00e1tica no passado apenas mostra que ela era compreendida pelo TCU como grau de conformidade j\u00e1 que era aderente a alguma legisla\u00e7\u00e3o e alguma jurisprud\u00eancia que j\u00e1 existia\u201d, argumentou.<\/p>\n<p>Outro ponto questionado pelo TCU foi a altera\u00e7\u00e3o no contingenciamento em outubro do ano passado, quando o governo deveria cortar R$ 28,54 bilh\u00f5es em gastos para atingir a meta de super\u00e1vit prim\u00e1rio, economia que o governo faz para pagar os juros da d\u00edvida p\u00fablica. Al\u00e9m de n\u00e3o ter cortado, o governo ainda liberou R$ 10,1 bilh\u00f5es em gastos.<\/p>\n<p>\u201cN\u00f3s mostramos as raz\u00f5es do contingenciamento, e porque foram tomadas naquele momento. Temos dados estat\u00edsticos que mostram a realidade fiscal agravada a partir de outubro do ano passado, o que resultou na decis\u00e3o de contingenciamento. N\u00f3s mostramos mais, que a sistem\u00e1tica j\u00e1 aconteceu no passado e foi aprovada, mas o fato \u00e9 que o Congresso aprovou a altera\u00e7\u00e3o no ano passado e ela foi cumprida\u201d, defendeu.<\/p>\n<p>Adams disse ainda que a aprova\u00e7\u00e3o ou rejei\u00e7\u00e3o das contas n\u00e3o d\u00e1 margem para entrar com pedidos de impeachment da presidenta Dilma Rousseff. \u201cVoc\u00ea n\u00e3o ca\u00e7a um mandato baseado nas contas de governo. A quest\u00e3o que est\u00e1 sendo avaliada aqui n\u00e3o \u00e9 a conduta de cada um dos agentes, particularmente da presidente, o que est\u00e1 sendo julgado aqui s\u00e3o as contas governamentais\u201d, disse.<\/p>\n<p>\u201cJ\u00e1 aconteceram julgamentos de contas em governo estaduais em que houve a reprova\u00e7\u00e3o e nunca resultaram em qualquer processo de cassa\u00e7\u00e3o, isso \u00e9 um absurdo, uma despropor\u00e7\u00e3o\u201d, disse.<\/p>\n<p><img decoding=\"async\" loading=\"lazy\" class=\"alignnone size-full wp-image-32052\" src=\"http:\/\/blitzconquista.com.br\/wp-content\/uploads\/2015\/01\/agencia_brasil_logo.png\" alt=\"agencia_brasil_logo\" width=\"130\" height=\"27\" \/><\/p>\n","protected":false},"excerpt":{"rendered":"<p>O ministro-chefe da Advocacia-Geral da Uni\u00e3o (AGU), Lu\u00eds In\u00e1cio Adams, protocolou hoje (22) as respostas do governo aos questionamentos do Tribunal de Contas da Uni\u00e3o sobre ind\u00edcios de descumprimento da Lei de Responsabilidade Fiscal e da Lei Or\u00e7ament\u00e1ria Anual na presta\u00e7\u00e3o e contas do governo. No dia 17 de junho, o TCU adiou por 30 [&hellip;]<\/p>\n","protected":false},"author":1,"featured_media":38312,"comment_status":"open","ping_status":"closed","sticky":false,"template":"","format":"standard","meta":[],"categories":[5],"tags":[],"_links":{"self":[{"href":"http:\/\/blitzconquista.com.br\/index.php?rest_route=\/wp\/v2\/posts\/38311"}],"collection":[{"href":"http:\/\/blitzconquista.com.br\/index.php?rest_route=\/wp\/v2\/posts"}],"about":[{"href":"http:\/\/blitzconquista.com.br\/index.php?rest_route=\/wp\/v2\/types\/post"}],"author":[{"embeddable":true,"href":"http:\/\/blitzconquista.com.br\/index.php?rest_route=\/wp\/v2\/users\/1"}],"replies":[{"embeddable":true,"href":"http:\/\/blitzconquista.com.br\/index.php?rest_route=%2Fwp%2Fv2%2Fcomments&post=38311"}],"version-history":[{"count":0,"href":"http:\/\/blitzconquista.com.br\/index.php?rest_route=\/wp\/v2\/posts\/38311\/revisions"}],"wp:featuredmedia":[{"embeddable":true,"href":"http:\/\/blitzconquista.com.br\/index.php?rest_route=\/wp\/v2\/media\/38312"}],"wp:attachment":[{"href":"http:\/\/blitzconquista.com.br\/index.php?rest_route=%2Fwp%2Fv2%2Fmedia&parent=38311"}],"wp:term":[{"taxonomy":"category","embeddable":true,"href":"http:\/\/blitzconquista.com.br\/index.php?rest_route=%2Fwp%2Fv2%2Fcategories&post=38311"},{"taxonomy":"post_tag","embeddable":true,"href":"http:\/\/blitzconquista.com.br\/index.php?rest_route=%2Fwp%2Fv2%2Ftags&post=38311"}],"curies":[{"name":"wp","href":"https:\/\/api.w.org\/{rel}","templated":true}]}}