{"id":38345,"date":"2015-07-23T21:01:27","date_gmt":"2015-07-24T00:01:27","guid":{"rendered":"http:\/\/blitzconquista.com.br\/?p=38345"},"modified":"2015-07-23T21:01:27","modified_gmt":"2015-07-24T00:01:27","slug":"conseg-e-politicos-fazem-reivindicacoes-a-secretario-de-seguranca-do-estado","status":"publish","type":"post","link":"http:\/\/blitzconquista.com.br\/?p=38345","title":{"rendered":"Conseg e pol\u00edticos fazem reivindica\u00e7\u00f5es a Secret\u00e1rio de Seguran\u00e7a do Estado"},"content":{"rendered":"<p>Representante do Conseg \u2013 Conselho de Seguran\u00e7a de Conquista e pol\u00edticos conquistenses estiveram nesta quinta-feira, 23, com o Secret\u00e1rio de Seguran\u00e7a do Estado, Maur\u00edcio Teles, numa audi\u00eancia para cobrar a\u00e7\u00f5es de combate a criminalidade em Vit\u00f3ria da Conquista. O Conseg foi representado pelo vice-presidente do conselho, Joir Sala e o vereador Andreson Cardoso (PCdoB). Eles foram acompanhados pelo deputado comunista Fabr\u00edcio Falc\u00e3o e seus colegas de partido os vereadores Nelson de Vivi e Joaquim Libarino. Entre as reivindica\u00e7\u00f5es apresentadas pelo grupo estavam a cria\u00e7\u00e3o da Delegacia especializada para menores e adolescentes e a constru\u00e7\u00e3o de uma unidade de cumprimento de medidas socioeducativas para menores em conflito com a lei. Por\u00e9m, \u00e9 de responsabilidade da Secretaria de Desenvolvimento Social, por meio da Funda\u00e7\u00e3o da Crian\u00e7a e do Adolescente \u2013 Fundac, a implanta\u00e7\u00e3o de unidades de cumprimento de medidas socioeducativas de semiliberdade e restri\u00e7\u00e3o de liberdade em todo estado.<\/p>\n","protected":false},"excerpt":{"rendered":"<p>Representante do Conseg \u2013 Conselho de Seguran\u00e7a de Conquista e pol\u00edticos conquistenses estiveram nesta quinta-feira, 23, com o Secret\u00e1rio de Seguran\u00e7a do Estado, Maur\u00edcio Teles, numa audi\u00eancia para cobrar a\u00e7\u00f5es de combate a criminalidade em Vit\u00f3ria da Conquista. O Conseg foi representado pelo vice-presidente do conselho, Joir Sala e o vereador Andreson Cardoso (PCdoB). Eles [&hellip;]<\/p>\n","protected":false},"author":1,"featured_media":38346,"comment_status":"open","ping_status":"closed","sticky":false,"template":"","format":"standard","meta":[],"categories":[5],"tags":[],"_links":{"self":[{"href":"http:\/\/blitzconquista.com.br\/index.php?rest_route=\/wp\/v2\/posts\/38345"}],"collection":[{"href":"http:\/\/blitzconquista.com.br\/index.php?rest_route=\/wp\/v2\/posts"}],"about":[{"href":"http:\/\/blitzconquista.com.br\/index.php?rest_route=\/wp\/v2\/types\/post"}],"author":[{"embeddable":true,"href":"http:\/\/blitzconquista.com.br\/index.php?rest_route=\/wp\/v2\/users\/1"}],"replies":[{"embeddable":true,"href":"http:\/\/blitzconquista.com.br\/index.php?rest_route=%2Fwp%2Fv2%2Fcomments&post=38345"}],"version-history":[{"count":0,"href":"http:\/\/blitzconquista.com.br\/index.php?rest_route=\/wp\/v2\/posts\/38345\/revisions"}],"wp:featuredmedia":[{"embeddable":true,"href":"http:\/\/blitzconquista.com.br\/index.php?rest_route=\/wp\/v2\/media\/38346"}],"wp:attachment":[{"href":"http:\/\/blitzconquista.com.br\/index.php?rest_route=%2Fwp%2Fv2%2Fmedia&parent=38345"}],"wp:term":[{"taxonomy":"category","embeddable":true,"href":"http:\/\/blitzconquista.com.br\/index.php?rest_route=%2Fwp%2Fv2%2Fcategories&post=38345"},{"taxonomy":"post_tag","embeddable":true,"href":"http:\/\/blitzconquista.com.br\/index.php?rest_route=%2Fwp%2Fv2%2Ftags&post=38345"}],"curies":[{"name":"wp","href":"https:\/\/api.w.org\/{rel}","templated":true}]}}