{"id":38444,"date":"2015-07-27T00:08:14","date_gmt":"2015-07-27T03:08:14","guid":{"rendered":"http:\/\/blitzconquista.com.br\/?p=38444"},"modified":"2015-07-27T00:08:14","modified_gmt":"2015-07-27T03:08:14","slug":"governo-municipal-entrega-segunda-academia-da-saude-de-vitoria-da-conquista","status":"publish","type":"post","link":"http:\/\/blitzconquista.com.br\/?p=38444","title":{"rendered":"Governo Municipal entrega segunda Academia da Sa\u00fade de Vit\u00f3ria da Conquista"},"content":{"rendered":"<div id=\"stcpDiv\">\n<p>A comunidade do bairro Vila Serrana e adjac\u00eancias estava em festa na manh\u00e3 deste domingo, 26. Isso porque aconteceu a solenidade de entrega da segunda Academia da Sa\u00fade de Vit\u00f3ria da Conquista, constru\u00edda nessa localidade. A iniciativa \u00e9 resultado da ades\u00e3o feita pelo Governo Municipal ao Programa Academia da Sa\u00fade do Minist\u00e9rio da Sa\u00fade.<\/p>\n<p>Para a dona de casa Rosa Brito, o novo equipamento p\u00fablico contribuir\u00e1 para a sa\u00fade dos moradores. \u201c\u00c9 muito bom que a Prefeitura invista na sa\u00fade do povo. Eu gostei dessa Academia da Sa\u00fade e pretendo utilizar os servi\u00e7os sempre que for poss\u00edvel\u201d. Outra moradora que estava contente durante a ocasi\u00e3o foi a aposentada Maria Ang\u00e9lica Caires. \u201cEst\u00e1 tudo muito bonito por aqui e sei que s\u00f3 vai trazer coisas boas para as fam\u00edlias que moram nesse bairro, e nos mais pr\u00f3ximos, porque elas v\u00e3o aprender a se cuidarem melhor\u201d.<\/p>\n<p>E \u00e9 esse o objetivo do Programa Academia da Sa\u00fade: contribuir para incentivar modos de vida saud\u00e1veis entre a popula\u00e7\u00e3o, a partir da promo\u00e7\u00e3o de pr\u00e1ticas corporais, atividades f\u00edsicas e alimenta\u00e7\u00e3o saud\u00e1vel. Para cumprir com esse prop\u00f3sito, a comunidade ter\u00e1 acesso, no espa\u00e7o, a equipamentos de gin\u00e1stica, sala de conviv\u00eancia, sanit\u00e1rios (masculino e feminino), sala de acolhimento, \u00e1rea de circula\u00e7\u00e3o e \u00e1rea verde.<\/p>\n<p>A academia sediar\u00e1 tamb\u00e9m as atividades promovidas pelos profissionais do N\u00facleo de Apoio a Sa\u00fade da Fam\u00edlia (Nasf) com os moradores da \u00e1rea de abrang\u00eancia da Unidade de Sa\u00fade da Fam\u00edlia Jos\u00e9 Gomes Novaes e dos bairros Cidade Maravilhosa e Vila Serrana I, II, III e IV.<\/p>\n<p><strong>\u2018Vis\u00e3o de Governo\u2019<\/strong> \u2013 A sa\u00fade da popula\u00e7\u00e3o \u00e9 um dos pilares da atua\u00e7\u00e3o do Governo Municipal que, desde 1997, tem investido em melhorias nessa \u00e1rea. De acordo com prefeito Guilherme Menezes, o trabalho da Prefeitura \u00e9 o de construir equipamentos p\u00fablicos tendo em vista o desejo e a necessidade de cada comunidade. \u201cNosso desejo \u00e9 o de que a popula\u00e7\u00e3o inaugure a Academia da Sa\u00fade, usufruindo dos servi\u00e7os. E, sobretudo, que esse novo equipamento venha a contribuir para a preven\u00e7\u00e3o a sa\u00fade e promover melhorias na qualidade de vida dos cidad\u00e3os\u201d, afirmou o gestor aos presentes durante a solenidade.<\/p>\n<p>Representando a C\u00e2mara de Vereadores, o vereador C\u00edcero Cust\u00f3dio fez uma retrospectiva sobre o desenvolvimento do Vila Serrana. \u201cH\u00e1 24 anos, sou morador do bairro Vila Serrana e tenho acompanhado de perto o crescimento dessa regi\u00e3o, fruto de investimentos constantes por parte do Governo Municipal e sua equipe sempre muito bem articulada. S\u00e3o a\u00e7\u00f5es promovidas nas mais diversas \u00e1reas como a seguran\u00e7a, pavimenta\u00e7\u00e3o e sa\u00fade. Sabemos que todas as conquistas s\u00e3o frutos de um trabalho realizado em conjunto que envolve Prefeitura, Poder Legislativo e comunidade\u201d, disse o vereador.<\/p>\n<p>A Academia de Sa\u00fade do Vila Serrana est\u00e1 localizada entre a Avenida Rafael Sp\u00ednola e as ruas G, L e N do Parque Residencial Vila Serrana.\u00a0O investimento na obra foi de R$ 173.897,06, provenientes de recursos do Governo Federal, por meio do Minist\u00e9rio da Sa\u00fade, com contrapartida do Munic\u00edpio. A solenidade foi acompanhada por membros do Executivo e Legislativo Municipais.<\/p>\n<p><strong>Investimento cont\u00ednuo<\/strong> \u2013 \u00a0E se \u201co bairro Vila Serrana tem as marcas de a\u00e7\u00f5es do Governo Municipal em diferentes \u00e1reas\u201d, como tamb\u00e9m lembrou o secret\u00e1rio de Agricultura e assessor especial do Gabinete, Odir Freire, al\u00e9m da Academia da Sa\u00fade, mais um compromisso firmado com a comunidade da Vila Serrana, em especial a escolar, ser\u00e1 cumprido com a assinatura da Ordem de Servi\u00e7o para a constru\u00e7\u00e3o da quadra poliesportiva da Escola Municipal Frei Serafim do Amparo. *Secom<\/p>\n<p><a href=\"http:\/\/www.pmvc.ba.gov.br\/v2\/wp-content\/uploads\/SC2_38801.jpg\" rel=\"shadowbox\"><img decoding=\"async\" loading=\"lazy\" class=\"aligncenter  wp-image-93952\" title=\"SC2_3880\" src=\"http:\/\/www.pmvc.ba.gov.br\/v2\/wp-content\/uploads\/SC2_38801-598x399.jpg\" alt=\"\" width=\"484\" height=\"323\" \/><\/a><\/div>\n","protected":false},"excerpt":{"rendered":"<p>A comunidade do bairro Vila Serrana e adjac\u00eancias estava em festa na manh\u00e3 deste domingo, 26. Isso porque aconteceu a solenidade de entrega da segunda Academia da Sa\u00fade de Vit\u00f3ria da Conquista, constru\u00edda nessa localidade. A iniciativa \u00e9 resultado da ades\u00e3o feita pelo Governo Municipal ao Programa Academia da Sa\u00fade do Minist\u00e9rio da Sa\u00fade. Para [&hellip;]<\/p>\n","protected":false},"author":1,"featured_media":38445,"comment_status":"open","ping_status":"closed","sticky":false,"template":"","format":"standard","meta":[],"categories":[5],"tags":[],"_links":{"self":[{"href":"http:\/\/blitzconquista.com.br\/index.php?rest_route=\/wp\/v2\/posts\/38444"}],"collection":[{"href":"http:\/\/blitzconquista.com.br\/index.php?rest_route=\/wp\/v2\/posts"}],"about":[{"href":"http:\/\/blitzconquista.com.br\/index.php?rest_route=\/wp\/v2\/types\/post"}],"author":[{"embeddable":true,"href":"http:\/\/blitzconquista.com.br\/index.php?rest_route=\/wp\/v2\/users\/1"}],"replies":[{"embeddable":true,"href":"http:\/\/blitzconquista.com.br\/index.php?rest_route=%2Fwp%2Fv2%2Fcomments&post=38444"}],"version-history":[{"count":0,"href":"http:\/\/blitzconquista.com.br\/index.php?rest_route=\/wp\/v2\/posts\/38444\/revisions"}],"wp:featuredmedia":[{"embeddable":true,"href":"http:\/\/blitzconquista.com.br\/index.php?rest_route=\/wp\/v2\/media\/38445"}],"wp:attachment":[{"href":"http:\/\/blitzconquista.com.br\/index.php?rest_route=%2Fwp%2Fv2%2Fmedia&parent=38444"}],"wp:term":[{"taxonomy":"category","embeddable":true,"href":"http:\/\/blitzconquista.com.br\/index.php?rest_route=%2Fwp%2Fv2%2Fcategories&post=38444"},{"taxonomy":"post_tag","embeddable":true,"href":"http:\/\/blitzconquista.com.br\/index.php?rest_route=%2Fwp%2Fv2%2Ftags&post=38444"}],"curies":[{"name":"wp","href":"https:\/\/api.w.org\/{rel}","templated":true}]}}