{"id":38490,"date":"2015-07-28T01:57:28","date_gmt":"2015-07-28T04:57:28","guid":{"rendered":"http:\/\/blitzconquista.com.br\/?p=38490"},"modified":"2015-07-28T01:57:28","modified_gmt":"2015-07-28T04:57:28","slug":"dia-do-motorista-e-celebrado-com-a-entrega-de-seis-micro-onibus-a-educacao","status":"publish","type":"post","link":"http:\/\/blitzconquista.com.br\/?p=38490","title":{"rendered":"Dia do Motorista \u00e9 celebrado com a entrega de seis micro-\u00f4nibus \u00e0 Educa\u00e7\u00e3o"},"content":{"rendered":"<div id=\"stcpDiv\">\n<p>A rotina de trabalho do motorista Wepson Fernandes come\u00e7a \u00e0s 5h45 quando ele vai at\u00e9 a Central de Equipamentos (Deserg) buscar o ve\u00edculo com o qual transportar\u00e1 alunos e professores para as zonas rural e urbana de Vit\u00f3ria da Conquista. O profissional, com mais de uma d\u00e9cada de Prefeitura, percorre os caminhos que levam \u00e0s escolas nucleadas dos povoados de S\u00e3o Jo\u00e3o I, Deus Dar\u00e1 e Boqueir\u00e3o e \u00e0 Iza Medeiros.<\/p>\n<p>Al\u00e9m de ser a forma como sustenta sua fam\u00edlia, Wepson ressalta que a import\u00e2ncia da fun\u00e7\u00e3o desempenhada por ele e por aproximadamente 44 colegas de profiss\u00e3o \u2013 transportar cerca de 30 mil pessoas por semana \u2013 est\u00e1 no fato de: \u201csaber que as crian\u00e7as est\u00e3o em sala de aula aprendendo e os professores, ensinando \u2013 principalmente, porque antes de 97, n\u00e3o tinha transporte para lev\u00e1-los. Essa \u00e9 uma \u00f3tima recompensa. Eu s\u00f3 tenho a agradecer\u201d.<\/p>\n<p>Por isso, nesse s\u00e1bado, 25, no Centro de Artes e Esportes Unificados (CEUs), o prefeito Guilherme Menezes fez quest\u00e3o de saudar os profissionais que auxiliam o Governo Municipal na tarefa de garantir o acesso e a perman\u00eancia dos alunos nas escolas municipais. \u201cVoc\u00eas t\u00eam um papel destacado, ao desempenharem uma das fun\u00e7\u00f5es mais nobres que \u00e9 a de conduzir os professores e alunos para as escolas. Quando as crian\u00e7as est\u00e3o na sala de aula, os sonhos e as possibilidades se ampliam\u201d, disse.<\/p>\n<p><img decoding=\"async\" loading=\"lazy\" class=\"  wp-image-38492 alignright\" src=\"http:\/\/blitzconquista.com.br\/wp-content\/uploads\/2015\/07\/SC2_3442-598x399.jpg\" alt=\"SC2_3442-598x399\" width=\"253\" height=\"169\" srcset=\"http:\/\/blitzconquista.com.br\/wp-content\/uploads\/2015\/07\/SC2_3442-598x399.jpg 598w, http:\/\/blitzconquista.com.br\/wp-content\/uploads\/2015\/07\/SC2_3442-598x399-300x200.jpg 300w\" sizes=\"(max-width: 253px) 100vw, 253px\" \/><\/p>\n<p>Para refor\u00e7ar a frota de aproximadamente 50 ve\u00edculos da Secretaria de Educa\u00e7\u00e3o, o Governo Municipal adquiriu seis micro-\u00f4nibus por meio do programa Caminho da Escola do Governo Federal, com recursos do Fundo Nacional de Desenvolvimento da Educa\u00e7\u00e3o (FNDE) da ordem de aproximadamente R$ 1 milh\u00e3o. Todos s\u00e3o adaptados, com capacidade para transportar em torno de 22 crian\u00e7as, e ser\u00e3o utilizados na zona rural da cidade.<\/p>\n<p>\u201cSer\u00e1 mais uma forma de garantir conforto para as crian\u00e7as. Esse \u00e9 um dia muito importante e, para mim, \u00e9 uma satisfa\u00e7\u00e3o fazer parte da \u00e1rea de transporte escolar do Governo\u201d, ressaltou o encarregado de manuten\u00e7\u00e3o dos ve\u00edculos da Secretaria de Educa\u00e7\u00e3o, Juarez Oliveira, h\u00e1 15 anos na Administra\u00e7\u00e3o. Al\u00e9m dos ve\u00edculos pr\u00f3prios, a secretaria conta com 168 prestadores. Por m\u00eas, eles percorrem mais de 240 mil quil\u00f4metros.<\/p>\n<p>O Dia do Motorista contou com a presen\u00e7a de membros do Governo Municipal, entre eles, o secret\u00e1rio de Educa\u00e7\u00e3o, Valdemir Dias, e do vereador Ricardo Bab\u00e3o. *Secom<\/p>\n<\/div>\n","protected":false},"excerpt":{"rendered":"<p>A rotina de trabalho do motorista Wepson Fernandes come\u00e7a \u00e0s 5h45 quando ele vai at\u00e9 a Central de Equipamentos (Deserg) buscar o ve\u00edculo com o qual transportar\u00e1 alunos e professores para as zonas rural e urbana de Vit\u00f3ria da Conquista. O profissional, com mais de uma d\u00e9cada de Prefeitura, percorre os caminhos que levam \u00e0s [&hellip;]<\/p>\n","protected":false},"author":1,"featured_media":38491,"comment_status":"open","ping_status":"closed","sticky":false,"template":"","format":"standard","meta":[],"categories":[5],"tags":[],"_links":{"self":[{"href":"http:\/\/blitzconquista.com.br\/index.php?rest_route=\/wp\/v2\/posts\/38490"}],"collection":[{"href":"http:\/\/blitzconquista.com.br\/index.php?rest_route=\/wp\/v2\/posts"}],"about":[{"href":"http:\/\/blitzconquista.com.br\/index.php?rest_route=\/wp\/v2\/types\/post"}],"author":[{"embeddable":true,"href":"http:\/\/blitzconquista.com.br\/index.php?rest_route=\/wp\/v2\/users\/1"}],"replies":[{"embeddable":true,"href":"http:\/\/blitzconquista.com.br\/index.php?rest_route=%2Fwp%2Fv2%2Fcomments&post=38490"}],"version-history":[{"count":0,"href":"http:\/\/blitzconquista.com.br\/index.php?rest_route=\/wp\/v2\/posts\/38490\/revisions"}],"wp:featuredmedia":[{"embeddable":true,"href":"http:\/\/blitzconquista.com.br\/index.php?rest_route=\/wp\/v2\/media\/38491"}],"wp:attachment":[{"href":"http:\/\/blitzconquista.com.br\/index.php?rest_route=%2Fwp%2Fv2%2Fmedia&parent=38490"}],"wp:term":[{"taxonomy":"category","embeddable":true,"href":"http:\/\/blitzconquista.com.br\/index.php?rest_route=%2Fwp%2Fv2%2Fcategories&post=38490"},{"taxonomy":"post_tag","embeddable":true,"href":"http:\/\/blitzconquista.com.br\/index.php?rest_route=%2Fwp%2Fv2%2Ftags&post=38490"}],"curies":[{"name":"wp","href":"https:\/\/api.w.org\/{rel}","templated":true}]}}