{"id":38513,"date":"2015-07-28T23:52:18","date_gmt":"2015-07-29T02:52:18","guid":{"rendered":"http:\/\/blitzconquista.com.br\/?p=38513"},"modified":"2015-07-28T23:52:18","modified_gmt":"2015-07-29T02:52:18","slug":"centro-vila-serrana-r-200","status":"publish","type":"post","link":"http:\/\/blitzconquista.com.br\/?p=38513","title":{"rendered":"Centro &#8211; Vila Serrana, R$ 2,00"},"content":{"rendered":"<p class=\"western\" align=\"justify\"><span style=\"font-family: Verdana,sans-serif;\"><span style=\"font-size: medium;\">Isso mesmo. Este \u00e9 o pre\u00e7o cobrado por donos de Vans que transportam irregularmente passageiros do Centro \u00e0 Vila Serrana.<\/span><\/span><\/p>\n<p class=\"western\" align=\"justify\"><span style=\"font-family: Verdana,sans-serif;\"><span style=\"font-size: medium;\">Cobradores chamando as pessoas para usarem o servi\u00e7o podem ser vistos e ouvidos ao lado do \u201cBigode de Pedral\u201d, junto \u00e0s barracas dos chaveiros.<\/span><\/span><\/p>\n<p class=\"western\" align=\"justify\"><span style=\"font-family: Verdana,sans-serif;\"><span style=\"font-size: medium;\">De forma n\u00e3o menos escancarada e irregular ficam os respons\u00e1veis por transportar passageiros para cidades vizinhas do outro lado do viaduto.<\/span><\/span><\/p>\n<p class=\"western\" align=\"justify\"><span style=\"font-family: Verdana,sans-serif;\"><span style=\"font-size: medium;\">N\u00e3o se pode deixar de considerar que todos t\u00eam direito a \u201cum lugar ao sol\u201d, mas os riscos que os passageiros correm ao utilizarem esse tipo de transporte \u00e9 grande. Da\u00ed a necessidade de uma atua\u00e7\u00e3o mais contundente do poder p\u00fablico municipal, atrav\u00e9s do Simtrans, em coibir a atua\u00e7\u00e3o desse tipo de transporte.<\/span><\/span><\/p>\n<p class=\"western\" align=\"justify\"><span style=\"font-family: Verdana,sans-serif;\"><span style=\"font-size: medium;\">Se <\/span><\/span><span style=\"font-family: Verdana,sans-serif;\"><span style=\"font-size: medium;\">o uso<\/span><\/span><span style=\"font-family: Verdana,sans-serif;\"><span style=\"font-size: medium;\"> do transporte alternativo de vans e ve\u00edculos particulares<\/span><\/span><span style=\"font-family: Verdana,sans-serif;\"><span style=\"font-size: medium;\"> \u00e9<\/span><\/span> <span style=\"font-family: Verdana,sans-serif;\"><span style=\"font-size: medium;\">i<\/span><\/span><span style=\"font-family: Verdana,sans-serif;\"><span style=\"font-size: medium;\">mportante, como forma de atender <\/span><\/span><span style=\"font-family: Verdana,sans-serif;\"><span style=\"font-size: medium;\">a<\/span><\/span><span style=\"font-family: Verdana,sans-serif;\"><span style=\"font-size: medium;\"> determinado p\u00fablico, cujo Sistema Integrado de Transporte do munic\u00edpio n\u00e3o contempla, <\/span><\/span><span style=\"font-family: Verdana,sans-serif;\"><span style=\"font-size: medium;\">talvez esteja na hora de o assunto receber mais aten\u00e7\u00e3o da C\u00e2mara de Vereadores e do Governo Municipal com vistas a uma poss\u00edvel regulamenta\u00e7\u00e3o.<\/span><\/span><\/p>\n","protected":false},"excerpt":{"rendered":"<p>Isso mesmo. Este \u00e9 o pre\u00e7o cobrado por donos de Vans que transportam irregularmente passageiros do Centro \u00e0 Vila Serrana. Cobradores chamando as pessoas para usarem o servi\u00e7o podem ser vistos e ouvidos ao lado do \u201cBigode de Pedral\u201d, junto \u00e0s barracas dos chaveiros. De forma n\u00e3o menos escancarada e irregular ficam os respons\u00e1veis por [&hellip;]<\/p>\n","protected":false},"author":1,"featured_media":38514,"comment_status":"open","ping_status":"closed","sticky":false,"template":"","format":"standard","meta":[],"categories":[7],"tags":[],"_links":{"self":[{"href":"http:\/\/blitzconquista.com.br\/index.php?rest_route=\/wp\/v2\/posts\/38513"}],"collection":[{"href":"http:\/\/blitzconquista.com.br\/index.php?rest_route=\/wp\/v2\/posts"}],"about":[{"href":"http:\/\/blitzconquista.com.br\/index.php?rest_route=\/wp\/v2\/types\/post"}],"author":[{"embeddable":true,"href":"http:\/\/blitzconquista.com.br\/index.php?rest_route=\/wp\/v2\/users\/1"}],"replies":[{"embeddable":true,"href":"http:\/\/blitzconquista.com.br\/index.php?rest_route=%2Fwp%2Fv2%2Fcomments&post=38513"}],"version-history":[{"count":0,"href":"http:\/\/blitzconquista.com.br\/index.php?rest_route=\/wp\/v2\/posts\/38513\/revisions"}],"wp:featuredmedia":[{"embeddable":true,"href":"http:\/\/blitzconquista.com.br\/index.php?rest_route=\/wp\/v2\/media\/38514"}],"wp:attachment":[{"href":"http:\/\/blitzconquista.com.br\/index.php?rest_route=%2Fwp%2Fv2%2Fmedia&parent=38513"}],"wp:term":[{"taxonomy":"category","embeddable":true,"href":"http:\/\/blitzconquista.com.br\/index.php?rest_route=%2Fwp%2Fv2%2Fcategories&post=38513"},{"taxonomy":"post_tag","embeddable":true,"href":"http:\/\/blitzconquista.com.br\/index.php?rest_route=%2Fwp%2Fv2%2Ftags&post=38513"}],"curies":[{"name":"wp","href":"https:\/\/api.w.org\/{rel}","templated":true}]}}