{"id":38535,"date":"2015-07-28T23:21:01","date_gmt":"2015-07-29T02:21:01","guid":{"rendered":"http:\/\/blitzconquista.com.br\/?p=38535"},"modified":"2015-07-28T23:21:01","modified_gmt":"2015-07-29T02:21:01","slug":"nadadores-baianos-vao-representar-o-brasil-nas-olimpiadas-2016","status":"publish","type":"post","link":"http:\/\/blitzconquista.com.br\/?p=38535","title":{"rendered":"Nadadores baianos v\u00e3o representar o Brasil nas Olimp\u00edadas 2016"},"content":{"rendered":"<p>Os nadadores baianos Allan do Carmo e Ana Marcela Cunha conquistaram os \u00edndices ol\u00edmpicos durante o Mundial de Esportes Aqu\u00e1ticos, que est\u00e1 sendo realizado em Kazan, na R\u00fassia. Juntos, eles garantiram vaga na maratona aqu\u00e1tica nos Jogos Ol\u00edmpicos do Rio 2016. Os dois recebem apoio do programa estadual FazAtleta.<\/p>\n<p>&#8220;A vit\u00f3ria de Alan e Marcela n\u00e3o s\u00f3 orgulha os baianos, como enaltece a nata\u00e7\u00e3o brasileira e incentiva novos valores da modalidade&#8221;, afirma o secret\u00e1rio do Trabalho, Emprego, Renda e Esporte, \u00c1lvaro Gomes. Allan obteve a classifica\u00e7\u00e3o, na segunda-feira (27), ap\u00f3s terminar a prova de dez quil\u00f4metros na nona coloca\u00e7\u00e3o com o tempo de 1h50min23s. Ana Marcela Cunha conquistou a vaga, nesta ter\u00e7a-feira (28), ao terminar na terceira coloca\u00e7\u00e3o na prova, marcando o tempo de 1h58min26s5.<\/p>\n<p>Foto: Globo.com<\/p>\n","protected":false},"excerpt":{"rendered":"<p>Os nadadores baianos Allan do Carmo e Ana Marcela Cunha conquistaram os \u00edndices ol\u00edmpicos durante o Mundial de Esportes Aqu\u00e1ticos, que est\u00e1 sendo realizado em Kazan, na R\u00fassia. Juntos, eles garantiram vaga na maratona aqu\u00e1tica nos Jogos Ol\u00edmpicos do Rio 2016. Os dois recebem apoio do programa estadual FazAtleta. &#8220;A vit\u00f3ria de Alan e Marcela [&hellip;]<\/p>\n","protected":false},"author":1,"featured_media":38536,"comment_status":"open","ping_status":"closed","sticky":false,"template":"","format":"standard","meta":[],"categories":[1],"tags":[],"_links":{"self":[{"href":"http:\/\/blitzconquista.com.br\/index.php?rest_route=\/wp\/v2\/posts\/38535"}],"collection":[{"href":"http:\/\/blitzconquista.com.br\/index.php?rest_route=\/wp\/v2\/posts"}],"about":[{"href":"http:\/\/blitzconquista.com.br\/index.php?rest_route=\/wp\/v2\/types\/post"}],"author":[{"embeddable":true,"href":"http:\/\/blitzconquista.com.br\/index.php?rest_route=\/wp\/v2\/users\/1"}],"replies":[{"embeddable":true,"href":"http:\/\/blitzconquista.com.br\/index.php?rest_route=%2Fwp%2Fv2%2Fcomments&post=38535"}],"version-history":[{"count":0,"href":"http:\/\/blitzconquista.com.br\/index.php?rest_route=\/wp\/v2\/posts\/38535\/revisions"}],"wp:featuredmedia":[{"embeddable":true,"href":"http:\/\/blitzconquista.com.br\/index.php?rest_route=\/wp\/v2\/media\/38536"}],"wp:attachment":[{"href":"http:\/\/blitzconquista.com.br\/index.php?rest_route=%2Fwp%2Fv2%2Fmedia&parent=38535"}],"wp:term":[{"taxonomy":"category","embeddable":true,"href":"http:\/\/blitzconquista.com.br\/index.php?rest_route=%2Fwp%2Fv2%2Fcategories&post=38535"},{"taxonomy":"post_tag","embeddable":true,"href":"http:\/\/blitzconquista.com.br\/index.php?rest_route=%2Fwp%2Fv2%2Ftags&post=38535"}],"curies":[{"name":"wp","href":"https:\/\/api.w.org\/{rel}","templated":true}]}}