{"id":38609,"date":"2015-07-30T01:22:15","date_gmt":"2015-07-30T04:22:15","guid":{"rendered":"http:\/\/blitzconquista.com.br\/?p=38609"},"modified":"2015-07-30T01:22:15","modified_gmt":"2015-07-30T04:22:15","slug":"michel-platini-confirma-candidatura-a-presidencia-da-fifa","status":"publish","type":"post","link":"http:\/\/blitzconquista.com.br\/?p=38609","title":{"rendered":"Michel Platini confirma candidatura \u00e0 presid\u00eancia da Fifa"},"content":{"rendered":"<p><img decoding=\"async\" loading=\"lazy\" class=\"alignnone size-full wp-image-32052\" src=\"http:\/\/blitzconquista.com.br\/wp-content\/uploads\/2015\/01\/agencia_brasil_logo.png\" alt=\"agencia_brasil_logo\" width=\"130\" height=\"27\" \/><\/p>\n<p class=\"rtejustify\">O su\u00ed\u00e7o Joseph Blatter decidiu deixar o cargo de presidente da Federa\u00e7\u00e3o Internacional de Futebol (Fifa), em meio \u00a0ao esc\u00e2ndalo de corrup\u00e7\u00e3o. O ex-jogador franc\u00eas e presidente da Uni\u00e3o das Federa\u00e7\u00f5es Europeias de Futebol (Uefa), Michel Platini, tem inten\u00e7\u00e3o de suced\u00ea-lo no cargo e anunciou a candidatura.<\/p>\n<p class=\"rtejustify\">Michel Platini \u00e9 a aposta dos cartolas europeus, e busca o apoio de pelo menos quatro de seis confedera\u00e7\u00f5es. O Comit\u00ea Executivo da Fifa j\u00e1 anunciou a data da elei\u00e7\u00e3o, que acontecer\u00e1 dia 26 de fevereiro.<\/p>\n<p class=\"rtejustify\">Saiba mais no v\u00eddeo do Rep\u00f3rter Brasil:<\/p>\n<p><center><iframe loading=\"lazy\" src=\"https:\/\/www.youtube.com\/embed\/eDlCanUmcEs\" width=\"560\" height=\"315\" frameborder=\"0\" allowfullscreen=\"allowfullscreen\"><\/iframe><\/center><\/p>\n","protected":false},"excerpt":{"rendered":"<p>O su\u00ed\u00e7o Joseph Blatter decidiu deixar o cargo de presidente da Federa\u00e7\u00e3o Internacional de Futebol (Fifa), em meio \u00a0ao esc\u00e2ndalo de corrup\u00e7\u00e3o. O ex-jogador franc\u00eas e presidente da Uni\u00e3o das Federa\u00e7\u00f5es Europeias de Futebol (Uefa), Michel Platini, tem inten\u00e7\u00e3o de suced\u00ea-lo no cargo e anunciou a candidatura. Michel Platini \u00e9 a aposta dos cartolas europeus, [&hellip;]<\/p>\n","protected":false},"author":1,"featured_media":0,"comment_status":"open","ping_status":"closed","sticky":false,"template":"","format":"standard","meta":[],"categories":[1],"tags":[],"_links":{"self":[{"href":"http:\/\/blitzconquista.com.br\/index.php?rest_route=\/wp\/v2\/posts\/38609"}],"collection":[{"href":"http:\/\/blitzconquista.com.br\/index.php?rest_route=\/wp\/v2\/posts"}],"about":[{"href":"http:\/\/blitzconquista.com.br\/index.php?rest_route=\/wp\/v2\/types\/post"}],"author":[{"embeddable":true,"href":"http:\/\/blitzconquista.com.br\/index.php?rest_route=\/wp\/v2\/users\/1"}],"replies":[{"embeddable":true,"href":"http:\/\/blitzconquista.com.br\/index.php?rest_route=%2Fwp%2Fv2%2Fcomments&post=38609"}],"version-history":[{"count":0,"href":"http:\/\/blitzconquista.com.br\/index.php?rest_route=\/wp\/v2\/posts\/38609\/revisions"}],"wp:attachment":[{"href":"http:\/\/blitzconquista.com.br\/index.php?rest_route=%2Fwp%2Fv2%2Fmedia&parent=38609"}],"wp:term":[{"taxonomy":"category","embeddable":true,"href":"http:\/\/blitzconquista.com.br\/index.php?rest_route=%2Fwp%2Fv2%2Fcategories&post=38609"},{"taxonomy":"post_tag","embeddable":true,"href":"http:\/\/blitzconquista.com.br\/index.php?rest_route=%2Fwp%2Fv2%2Ftags&post=38609"}],"curies":[{"name":"wp","href":"https:\/\/api.w.org\/{rel}","templated":true}]}}