{"id":38703,"date":"2015-08-03T07:22:23","date_gmt":"2015-08-03T10:22:23","guid":{"rendered":"http:\/\/blitzconquista.com.br\/?p=38703"},"modified":"2015-08-03T15:24:48","modified_gmt":"2015-08-03T18:24:48","slug":"dantelandia-recebe-novo-posto-de-saude","status":"publish","type":"post","link":"http:\/\/blitzconquista.com.br\/?p=38703","title":{"rendered":"Dantel\u00e2ndia recebe novo posto de sa\u00fade"},"content":{"rendered":"<div id=\"stcpDiv\">\n<p>As mais de 220 fam\u00edlias da comunidade rural de Dantel\u00e2ndia comemoraram, na tarde desse s\u00e1bado, 1\u00ba de agosto, a entrega do novo Posto de Sa\u00fade da localidade, totalmente reformado pela Prefeitura. Na obra, foram investidos mais de R$ 60 mil de recursos pr\u00f3prios e federais. A cerim\u00f4nia de entrega contou com a presen\u00e7a da comunidade, de membros do Governo Municipal \u2013 entre eles, o vice-prefeito, Jo\u00e1s Meira e a secret\u00e1ria de Sa\u00fade, M\u00e1rcia Viviane de Ara\u00fajo \u2013 e de vereadores municipais.<\/p>\n<p>O novo equipamento conta com dois consult\u00f3rios, sanit\u00e1rios, sala de procedimento, dep\u00f3sito (DML), sala de espera e varanda. Ele faz parte de um conjunto de investimentos feitos pela Administra\u00e7\u00e3o Municipal em infraestrutura da sa\u00fade, com obras em todo o munic\u00edpio, beneficiando a popula\u00e7\u00e3o e qualificando o atendimento das equipes de sa\u00fade.<\/p>\n<p>\u201cNesse \u00faltimo m\u00eas, a Prefeitura entregou cinco postos de sa\u00fade na zona rural, duas unidades de sa\u00fade da fam\u00edlia e duas academias da sa\u00fade na zona urbana\u201d, rememorou o prefeito Guilherme Menezes. Ainda na oportunidade, o prefeito assinou a Ordem de Servi\u00e7o para amplia\u00e7\u00e3o do posto. Ser\u00e3o investidos R$ 81.645,00 provenientes do Governo Federal nessa nova obra.<\/p>\n<p>Agente rural de sa\u00fade h\u00e1 27 anos, Eva Xavier comemorou as a\u00e7\u00f5es do Governo na regi\u00e3o, como \u00e1gua encanada, escola e, agora, o novo posto. \u201cEste \u00e9 um governo que sempre olhou por n\u00f3s. Estamos muito felizes com mais este benef\u00edcio\u201d, ressaltou Eva.<\/p>\n<p>O presidente da Associa\u00e7\u00e3o de Moradores da localidade e delegado do Or\u00e7amento Participativo, Carlos Chagas, tamb\u00e9m festejou a conquista. \u201cEsta \u00e9 uma vit\u00f3ria para n\u00f3s, pois ganhamos um posto \u00e0 altura de nossa comunidade\u201d. \u201cFicamos muito satisfeitos em participar do OP e ver a obra acontecer; e, mais feliz ainda em saber que o atendimento da comunidade acontecer\u00e1 aqui\u201d, completou o morador Jaci Chagas.<\/p>\n<p>Opini\u00e3o compartilhada pelo vereador Coriolano Moraes. \u201cCom esse posto de sa\u00fade, a comunidade ser\u00e1 melhor atendida\u201d. \u201cPor isso, para mim, \u00e9 uma honra poder fazer parte desse momento, de estar aqui compartilhando dessa felicidade com o povo de Dantel\u00e2ndia e regi\u00e3o\u201d, refor\u00e7ou a vereadora Irma Lemos.<\/p>\n<p>Para o l\u00edder do Governo na C\u00e2mara, Luciano Gomes, o evento \u00e9 mais uma demonstra\u00e7\u00e3o do cuidado do Governo com a zona rural. \u201cToda semana, a Prefeitura est\u00e1 entregando obra ou assinando Ordens de Servi\u00e7o para obras na zona rural\u201d.<\/p>\n<p><strong>Compromissos cumpridos \u2013<\/strong> Na ocasi\u00e3o, o secret\u00e1rio de Agricultura, Odir Freire evidenciou o volume de obras entregue neste ano pelo Governo Municipal. \u201cEm 2015, j\u00e1 s\u00e3o 24 obras entregues, com investimentos de mais de R$7,5 milh\u00f5es, beneficiando o homem do campo e da cidade\u201d. *Secom<\/p>\n<p><a href=\"http:\/\/www.pmvc.ba.gov.br\/v2\/wp-content\/uploads\/SC2_4687.jpg\" rel=\"shadowbox\"><img decoding=\"async\" loading=\"lazy\" class=\"aligncenter  wp-image-94468\" title=\"SC2_4687\" src=\"http:\/\/www.pmvc.ba.gov.br\/v2\/wp-content\/uploads\/SC2_4687-598x399.jpg\" alt=\"\" width=\"484\" height=\"323\" \/><\/a><\/div>\n","protected":false},"excerpt":{"rendered":"<p>As mais de 220 fam\u00edlias da comunidade rural de Dantel\u00e2ndia comemoraram, na tarde desse s\u00e1bado, 1\u00ba de agosto, a entrega do novo Posto de Sa\u00fade da localidade, totalmente reformado pela Prefeitura. Na obra, foram investidos mais de R$ 60 mil de recursos pr\u00f3prios e federais. A cerim\u00f4nia de entrega contou com a presen\u00e7a da comunidade, [&hellip;]<\/p>\n","protected":false},"author":1,"featured_media":38704,"comment_status":"open","ping_status":"closed","sticky":false,"template":"","format":"standard","meta":[],"categories":[5],"tags":[],"_links":{"self":[{"href":"http:\/\/blitzconquista.com.br\/index.php?rest_route=\/wp\/v2\/posts\/38703"}],"collection":[{"href":"http:\/\/blitzconquista.com.br\/index.php?rest_route=\/wp\/v2\/posts"}],"about":[{"href":"http:\/\/blitzconquista.com.br\/index.php?rest_route=\/wp\/v2\/types\/post"}],"author":[{"embeddable":true,"href":"http:\/\/blitzconquista.com.br\/index.php?rest_route=\/wp\/v2\/users\/1"}],"replies":[{"embeddable":true,"href":"http:\/\/blitzconquista.com.br\/index.php?rest_route=%2Fwp%2Fv2%2Fcomments&post=38703"}],"version-history":[{"count":0,"href":"http:\/\/blitzconquista.com.br\/index.php?rest_route=\/wp\/v2\/posts\/38703\/revisions"}],"wp:featuredmedia":[{"embeddable":true,"href":"http:\/\/blitzconquista.com.br\/index.php?rest_route=\/wp\/v2\/media\/38704"}],"wp:attachment":[{"href":"http:\/\/blitzconquista.com.br\/index.php?rest_route=%2Fwp%2Fv2%2Fmedia&parent=38703"}],"wp:term":[{"taxonomy":"category","embeddable":true,"href":"http:\/\/blitzconquista.com.br\/index.php?rest_route=%2Fwp%2Fv2%2Fcategories&post=38703"},{"taxonomy":"post_tag","embeddable":true,"href":"http:\/\/blitzconquista.com.br\/index.php?rest_route=%2Fwp%2Fv2%2Ftags&post=38703"}],"curies":[{"name":"wp","href":"https:\/\/api.w.org\/{rel}","templated":true}]}}