{"id":38717,"date":"2015-08-03T15:41:18","date_gmt":"2015-08-03T18:41:18","guid":{"rendered":"http:\/\/blitzconquista.com.br\/?p=38717"},"modified":"2015-08-03T15:41:18","modified_gmt":"2015-08-03T18:41:18","slug":"sergio-moro-pede-autorizacao-do-stf-para-transferir-dirceu-para-curitiba","status":"publish","type":"post","link":"http:\/\/blitzconquista.com.br\/?p=38717","title":{"rendered":"S\u00e9rgio Moro pede autoriza\u00e7\u00e3o do STF para transferir Dirceu para Curitiba"},"content":{"rendered":"<p>O juiz federal S\u00e9rgio Moro pediu hoje (3) autoriza\u00e7\u00e3o do Supremo Tribunal Federal (STF) para transferir o ex-ministro da Casa Civil Jos\u00e9 Dirceu para a Superintend\u00eancia da Pol\u00edcia Federal em Curitiba, onde est\u00e3o presos outros investigados na Opera\u00e7\u00e3o Lava Jato.\u00a0Dirceu foi preso hoje, preventivamente, na 17\u00aa fase da Opera\u00e7\u00e3o Lava Jato, em Bras\u00edlia.<\/p>\n<p>A autoriza\u00e7\u00e3o \u00e9 necess\u00e1ria, porque Dirceu cumpre pena em regime aberto por ter sido condenado na A\u00e7\u00e3o Penal 470, o processo do mensal\u00e3o. A decis\u00e3o ser\u00e1 tomada pelo ministro Lu\u00eds Roberto Barroso, relator das execu\u00e7\u00f5es penais dos condenados no processo do mensal\u00e3o.<\/p>\n<p>No of\u00edcio enviado ao ministro, Moro justifica que a transfer\u00eancia \u00e9 importante para as investiga\u00e7\u00f5es, pois os processos referentes \u00e0 Lava Jato tramitam na Justi\u00e7a Federal da capital paranaense.<\/p>\n<p>&#8220;Como foi ele [Dirceu] tamb\u00e9m condenado na A\u00e7\u00e3o Penal 470 e est\u00e1 cumprindo pena em regime aberto, determinei que, ap\u00f3s o cumprimento do mandado, fosse recolhido provisoriamente \u00e0 carceragem da Pol\u00edcia Federal em Bras\u00edlia ou \u00e0 ala pr\u00f3pria da Penitenci\u00e1ria da Papuda no Distrito Federal, \u00e0 disposi\u00e7\u00e3o do egr\u00e9gio Supremo Tribunal Federal\u201d, explicou o juiz.<\/p>\n<p>De acordo com a Pol\u00edcia Federal e o Minist\u00e9rio P\u00fablico Federal, Dirceu foi o criador e benefici\u00e1rio do esquema de corru\u00e7\u00e3o na Petrobras, investigado pela Lava Jato. Segundo os investigadores, Dirceu, na \u00e9poca em que era ministro da Casa Civil no governo Lula, nomeou Renato Duque para Diretoria de Servi\u00e7os da estatal, quando foi iniciado o esquema de superfaturamento de contratos na estatal.<\/p>\n<p>A defesa de Dirceu informou que ir\u00e1 se manifestar somente ap\u00f3s ter acesso aos documentos que motivaram a pris\u00e3o.<\/p>\n<p><img decoding=\"async\" loading=\"lazy\" class=\"alignnone size-full wp-image-32052\" src=\"http:\/\/blitzconquista.com.br\/wp-content\/uploads\/2015\/01\/agencia_brasil_logo.png\" alt=\"agencia_brasil_logo\" width=\"130\" height=\"27\" \/><\/p>\n","protected":false},"excerpt":{"rendered":"<p>O juiz federal S\u00e9rgio Moro pediu hoje (3) autoriza\u00e7\u00e3o do Supremo Tribunal Federal (STF) para transferir o ex-ministro da Casa Civil Jos\u00e9 Dirceu para a Superintend\u00eancia da Pol\u00edcia Federal em Curitiba, onde est\u00e3o presos outros investigados na Opera\u00e7\u00e3o Lava Jato.\u00a0Dirceu foi preso hoje, preventivamente, na 17\u00aa fase da Opera\u00e7\u00e3o Lava Jato, em Bras\u00edlia. A autoriza\u00e7\u00e3o [&hellip;]<\/p>\n","protected":false},"author":1,"featured_media":38718,"comment_status":"open","ping_status":"closed","sticky":false,"template":"","format":"standard","meta":[],"categories":[5],"tags":[],"_links":{"self":[{"href":"http:\/\/blitzconquista.com.br\/index.php?rest_route=\/wp\/v2\/posts\/38717"}],"collection":[{"href":"http:\/\/blitzconquista.com.br\/index.php?rest_route=\/wp\/v2\/posts"}],"about":[{"href":"http:\/\/blitzconquista.com.br\/index.php?rest_route=\/wp\/v2\/types\/post"}],"author":[{"embeddable":true,"href":"http:\/\/blitzconquista.com.br\/index.php?rest_route=\/wp\/v2\/users\/1"}],"replies":[{"embeddable":true,"href":"http:\/\/blitzconquista.com.br\/index.php?rest_route=%2Fwp%2Fv2%2Fcomments&post=38717"}],"version-history":[{"count":0,"href":"http:\/\/blitzconquista.com.br\/index.php?rest_route=\/wp\/v2\/posts\/38717\/revisions"}],"wp:featuredmedia":[{"embeddable":true,"href":"http:\/\/blitzconquista.com.br\/index.php?rest_route=\/wp\/v2\/media\/38718"}],"wp:attachment":[{"href":"http:\/\/blitzconquista.com.br\/index.php?rest_route=%2Fwp%2Fv2%2Fmedia&parent=38717"}],"wp:term":[{"taxonomy":"category","embeddable":true,"href":"http:\/\/blitzconquista.com.br\/index.php?rest_route=%2Fwp%2Fv2%2Fcategories&post=38717"},{"taxonomy":"post_tag","embeddable":true,"href":"http:\/\/blitzconquista.com.br\/index.php?rest_route=%2Fwp%2Fv2%2Ftags&post=38717"}],"curies":[{"name":"wp","href":"https:\/\/api.w.org\/{rel}","templated":true}]}}