{"id":38739,"date":"2015-08-04T02:11:39","date_gmt":"2015-08-04T05:11:39","guid":{"rendered":"http:\/\/blitzconquista.com.br\/?p=38739"},"modified":"2015-08-04T02:11:39","modified_gmt":"2015-08-04T05:11:39","slug":"sessoes-da-camara-voltam-a-acontecer-na-proxima-quarta-feira-05","status":"publish","type":"post","link":"http:\/\/blitzconquista.com.br\/?p=38739","title":{"rendered":"Sess\u00f5es da C\u00e2mara voltam a acontecer na pr\u00f3xima quarta-feira, 05"},"content":{"rendered":"<p>As sess\u00f5es da C\u00e2mara Municipal de Vit\u00f3ria da Conquista (CMVC) voltam a acontecer na pr\u00f3xima quarta-feira, 5, \u00e0s 8h30 no Plen\u00e1rio Carmem L\u00facia, quando terminar\u00e1 o recesso das atividades em plen\u00e1rio. Durante o recesso, todas as atividades administrativas ocorreram normalmente, bem como o atendimento \u00e0 popula\u00e7\u00e3o e as visitas realizadas pelos vereadores a diversas localidades, para acompanhar o cotidiano do Munic\u00edpio.<\/p>\n<p>As sess\u00f5es ordin\u00e1rias acontecem \u00e0s quartas e sextas-feiras, no Plen\u00e1rio Carmem L\u00facia, sempre a partir das 8h30 e s\u00e3o abertas \u00e0 participa\u00e7\u00e3o do p\u00fablico, que tem espa\u00e7o inclusive para apresentar as suas reivindica\u00e7\u00f5es e ideias atrav\u00e9s da Tribuna Livre, espa\u00e7o aberto \u00e0 popula\u00e7\u00e3o, que pode utiliz\u00e1-lo apresentando apenas um requerimento. A C\u00e2mara fica na Rua Coronel Gug\u00e9, 150, no centro de Vit\u00f3ria da Conquista.<\/p>\n","protected":false},"excerpt":{"rendered":"<p>As sess\u00f5es da C\u00e2mara Municipal de Vit\u00f3ria da Conquista (CMVC) voltam a acontecer na pr\u00f3xima quarta-feira, 5, \u00e0s 8h30 no Plen\u00e1rio Carmem L\u00facia, quando terminar\u00e1 o recesso das atividades em plen\u00e1rio. Durante o recesso, todas as atividades administrativas ocorreram normalmente, bem como o atendimento \u00e0 popula\u00e7\u00e3o e as visitas realizadas pelos vereadores a diversas localidades, [&hellip;]<\/p>\n","protected":false},"author":1,"featured_media":38740,"comment_status":"open","ping_status":"closed","sticky":false,"template":"","format":"standard","meta":[],"categories":[5],"tags":[],"_links":{"self":[{"href":"http:\/\/blitzconquista.com.br\/index.php?rest_route=\/wp\/v2\/posts\/38739"}],"collection":[{"href":"http:\/\/blitzconquista.com.br\/index.php?rest_route=\/wp\/v2\/posts"}],"about":[{"href":"http:\/\/blitzconquista.com.br\/index.php?rest_route=\/wp\/v2\/types\/post"}],"author":[{"embeddable":true,"href":"http:\/\/blitzconquista.com.br\/index.php?rest_route=\/wp\/v2\/users\/1"}],"replies":[{"embeddable":true,"href":"http:\/\/blitzconquista.com.br\/index.php?rest_route=%2Fwp%2Fv2%2Fcomments&post=38739"}],"version-history":[{"count":0,"href":"http:\/\/blitzconquista.com.br\/index.php?rest_route=\/wp\/v2\/posts\/38739\/revisions"}],"wp:featuredmedia":[{"embeddable":true,"href":"http:\/\/blitzconquista.com.br\/index.php?rest_route=\/wp\/v2\/media\/38740"}],"wp:attachment":[{"href":"http:\/\/blitzconquista.com.br\/index.php?rest_route=%2Fwp%2Fv2%2Fmedia&parent=38739"}],"wp:term":[{"taxonomy":"category","embeddable":true,"href":"http:\/\/blitzconquista.com.br\/index.php?rest_route=%2Fwp%2Fv2%2Fcategories&post=38739"},{"taxonomy":"post_tag","embeddable":true,"href":"http:\/\/blitzconquista.com.br\/index.php?rest_route=%2Fwp%2Fv2%2Ftags&post=38739"}],"curies":[{"name":"wp","href":"https:\/\/api.w.org\/{rel}","templated":true}]}}