{"id":38811,"date":"2015-08-05T10:20:33","date_gmt":"2015-08-05T13:20:33","guid":{"rendered":"http:\/\/blitzconquista.com.br\/?p=38811"},"modified":"2015-08-05T10:20:33","modified_gmt":"2015-08-05T13:20:33","slug":"governo-municipal-entrega-ampliacao-da-unidade-escolar-do-povoado-de-barrocas","status":"publish","type":"post","link":"http:\/\/blitzconquista.com.br\/?p=38811","title":{"rendered":"Governo Municipal entrega amplia\u00e7\u00e3o da unidade escolar do povoado de Barrocas"},"content":{"rendered":"<div id=\"stcpDiv\">\n<p><strong>A solenidade de entrega das obras da Escola Municipal Nestor Fonseca ser\u00e1 realizada nessa quinta-feira, 6, \u00e0s 15h<\/strong><\/p>\n<p>Durante o X Congresso do Or\u00e7amento Participativo, foi estabelecida como demanda priorit\u00e1ria: a amplia\u00e7\u00e3o da Escola Municipal Nestor Fonseca, no povoado de Barrocas. Ap\u00f3s o Governo Municipal, por meio da Secretaria Municipal de Educa\u00e7\u00e3o,\u00a0viabilizar os recursos, as obras foram iniciadas. Agora, a amplia\u00e7\u00e3o ser\u00e1 entregue \u00e0 comunidade nessa quinta-feira, 6 de agosto, \u00e0s 15h.<\/p>\n<p>Com as obras, o equipamento p\u00fablico ganhou mais uma sala de aula \u2013 para receber o projeto \u201cMais Educa\u00e7\u00e3o\u201d -; cozinha, com dep\u00f3sito de alimentos; refeit\u00f3rio coberto; dep\u00f3sito de materiais; e tr\u00eas banheiros. Al\u00e9m dessas melhorias, a \u00e1rea de lazer para os alunos foi ampliada. A reforma, na qual foram investidos R$ 150 mil, provenientes de recursos pr\u00f3prios do Munic\u00edpio, \u00a0beneficiar\u00e1 99 alunos.<\/p>\n<p><strong>\u2018Avan\u00e7os por meio do di\u00e1logo\u2019<\/strong> \u2013 Como parte da agenda de encontros com as comunidades, o Governo Municipal recebeu na manh\u00e3 desta ter\u00e7a-feira, 4, representantes do povoado de Barrocas. O encontro, que aconteceu no Sal\u00e3o Nobre do Gabinete Civil, teve o intuito de discutir os \u00faltimos detalhes para a entrega da obra de amplia\u00e7\u00e3o da Escola Municipal Nestor Fonseca.<\/p>\n<p>\u201cAproveito essa oportunidade para reconhecer a organiza\u00e7\u00e3o social dessa comunidade. \u00c9 percept\u00edvel a for\u00e7a que tem a integra\u00e7\u00e3o sociedade e decis\u00e3o pol\u00edtica para a conquista da garantia dos direitos\u201d, afirmou o prefeito Guilherme Menezes, que aproveitou a ocasi\u00e3o para parabenizar os presentes: \u201cParab\u00e9ns a todos os envolvidos para que essa grande obra pudesse ser realizada\u201d.<\/p>\n<p>Sentindo-se contemplada pelos avan\u00e7os em sua regi\u00e3o e ansiosa pelo cumprimento de novas demandas, a moradora Jamille Santos Melo Silva fez uma retrospectiva. \u201cSabemos que se a comunidade est\u00e1 empenhada, o poder p\u00fablico pode intervir de forma mais organizada e concreta como foi o caso da amplia\u00e7\u00e3o da unidade escolar. Atualmente, Barrocas conta com mais de mil moradores e j\u00e1 sentia a necessidade dessa obra. Com as melhorias alcan\u00e7adas, conseguimos levar 12 alunos at\u00e9 \u00e0 universidade; isso gra\u00e7as a um trabalho em equipe que tem avan\u00e7ado com sucesso\u201d, disse.<\/p>\n<p><em>Tamb\u00e9m acompanharam a reuni\u00e3o, o secret\u00e1rio municipal de Educa\u00e7\u00e3o, Valdemir Dias; o assessor especial do Gabinete da Secretaria de Educa\u00e7\u00e3o, Gustavo Le\u00e3o; o secret\u00e1rio municipal de Agricultura, Odir Freire; o coordenador do Or\u00e7amento Participativo, Jo\u00e3o Alberto Rodrigues; a coordenadora municipal da Igualdade Racial, Elizabeth Lopes; e o\u00a0presidente do Conselho de Igualdade Racial, Welber Barbosa.\u00a0<\/em><\/p>\n<p>*Secom<\/p><\/div>\n","protected":false},"excerpt":{"rendered":"<p>A solenidade de entrega das obras da Escola Municipal Nestor Fonseca ser\u00e1 realizada nessa quinta-feira, 6, \u00e0s 15h Durante o X Congresso do Or\u00e7amento Participativo, foi estabelecida como demanda priorit\u00e1ria: a amplia\u00e7\u00e3o da Escola Municipal Nestor Fonseca, no povoado de Barrocas. Ap\u00f3s o Governo Municipal, por meio da Secretaria Municipal de Educa\u00e7\u00e3o,\u00a0viabilizar os recursos, as [&hellip;]<\/p>\n","protected":false},"author":1,"featured_media":38812,"comment_status":"open","ping_status":"closed","sticky":false,"template":"","format":"standard","meta":[],"categories":[5],"tags":[],"_links":{"self":[{"href":"http:\/\/blitzconquista.com.br\/index.php?rest_route=\/wp\/v2\/posts\/38811"}],"collection":[{"href":"http:\/\/blitzconquista.com.br\/index.php?rest_route=\/wp\/v2\/posts"}],"about":[{"href":"http:\/\/blitzconquista.com.br\/index.php?rest_route=\/wp\/v2\/types\/post"}],"author":[{"embeddable":true,"href":"http:\/\/blitzconquista.com.br\/index.php?rest_route=\/wp\/v2\/users\/1"}],"replies":[{"embeddable":true,"href":"http:\/\/blitzconquista.com.br\/index.php?rest_route=%2Fwp%2Fv2%2Fcomments&post=38811"}],"version-history":[{"count":0,"href":"http:\/\/blitzconquista.com.br\/index.php?rest_route=\/wp\/v2\/posts\/38811\/revisions"}],"wp:featuredmedia":[{"embeddable":true,"href":"http:\/\/blitzconquista.com.br\/index.php?rest_route=\/wp\/v2\/media\/38812"}],"wp:attachment":[{"href":"http:\/\/blitzconquista.com.br\/index.php?rest_route=%2Fwp%2Fv2%2Fmedia&parent=38811"}],"wp:term":[{"taxonomy":"category","embeddable":true,"href":"http:\/\/blitzconquista.com.br\/index.php?rest_route=%2Fwp%2Fv2%2Fcategories&post=38811"},{"taxonomy":"post_tag","embeddable":true,"href":"http:\/\/blitzconquista.com.br\/index.php?rest_route=%2Fwp%2Fv2%2Ftags&post=38811"}],"curies":[{"name":"wp","href":"https:\/\/api.w.org\/{rel}","templated":true}]}}