{"id":38908,"date":"2015-08-06T23:36:40","date_gmt":"2015-08-07T02:36:40","guid":{"rendered":"http:\/\/blitzconquista.com.br\/?p=38908"},"modified":"2015-08-06T23:36:40","modified_gmt":"2015-08-07T02:36:40","slug":"consumo-de-gas-natural-avanca-23","status":"publish","type":"post","link":"http:\/\/blitzconquista.com.br\/?p=38908","title":{"rendered":"Consumo de g\u00e1s natural avan\u00e7a 2,3%"},"content":{"rendered":"<p>Consumo de g\u00e1s natural cresce 2,3% e atinge m\u00e9dia superior a 77 milh\u00f5es de metros c\u00fabicos di\u00e1rios. A \u00faltima atualiza\u00e7\u00e3o da Abeg\u00e1s, a Associa\u00e7\u00e3o Brasileira das Empresas Distribuidoras de G\u00e1s Canalizado, comparou os meses de junho deste ano e de 2014.<\/p>\n<p>A alta foi puxada principalmente pelas termel\u00e9tricas e o segmento comercial. Ambos apresentaram crescimento acima dos 8% no mesmo comparativo.<\/p>\n<p>Vendas de g\u00e1s veicular tiveram recuo de quase 3 pontos percentuais, enquanto ind\u00fastrias e resid\u00eancias mantiveram estabilidade.<\/p>\n<p>O saldo acumulado do primeiro semestre seguiu o mesmo ritmo e igualou o crescimento de 2,3% na compara\u00e7\u00e3o com os seis primeiros meses do ano anterior.<\/p>\n","protected":false},"excerpt":{"rendered":"<p>Consumo de g\u00e1s natural cresce 2,3% e atinge m\u00e9dia superior a 77 milh\u00f5es de metros c\u00fabicos di\u00e1rios. A \u00faltima atualiza\u00e7\u00e3o da Abeg\u00e1s, a Associa\u00e7\u00e3o Brasileira das Empresas Distribuidoras de G\u00e1s Canalizado, comparou os meses de junho deste ano e de 2014. A alta foi puxada principalmente pelas termel\u00e9tricas e o segmento comercial. Ambos apresentaram crescimento [&hellip;]<\/p>\n","protected":false},"author":1,"featured_media":38909,"comment_status":"open","ping_status":"closed","sticky":false,"template":"","format":"standard","meta":[],"categories":[4],"tags":[],"_links":{"self":[{"href":"http:\/\/blitzconquista.com.br\/index.php?rest_route=\/wp\/v2\/posts\/38908"}],"collection":[{"href":"http:\/\/blitzconquista.com.br\/index.php?rest_route=\/wp\/v2\/posts"}],"about":[{"href":"http:\/\/blitzconquista.com.br\/index.php?rest_route=\/wp\/v2\/types\/post"}],"author":[{"embeddable":true,"href":"http:\/\/blitzconquista.com.br\/index.php?rest_route=\/wp\/v2\/users\/1"}],"replies":[{"embeddable":true,"href":"http:\/\/blitzconquista.com.br\/index.php?rest_route=%2Fwp%2Fv2%2Fcomments&post=38908"}],"version-history":[{"count":0,"href":"http:\/\/blitzconquista.com.br\/index.php?rest_route=\/wp\/v2\/posts\/38908\/revisions"}],"wp:featuredmedia":[{"embeddable":true,"href":"http:\/\/blitzconquista.com.br\/index.php?rest_route=\/wp\/v2\/media\/38909"}],"wp:attachment":[{"href":"http:\/\/blitzconquista.com.br\/index.php?rest_route=%2Fwp%2Fv2%2Fmedia&parent=38908"}],"wp:term":[{"taxonomy":"category","embeddable":true,"href":"http:\/\/blitzconquista.com.br\/index.php?rest_route=%2Fwp%2Fv2%2Fcategories&post=38908"},{"taxonomy":"post_tag","embeddable":true,"href":"http:\/\/blitzconquista.com.br\/index.php?rest_route=%2Fwp%2Fv2%2Ftags&post=38908"}],"curies":[{"name":"wp","href":"https:\/\/api.w.org\/{rel}","templated":true}]}}