{"id":38977,"date":"2015-08-08T19:53:41","date_gmt":"2015-08-08T22:53:41","guid":{"rendered":"http:\/\/blitzconquista.com.br\/?p=38977"},"modified":"2015-08-08T19:53:41","modified_gmt":"2015-08-08T22:53:41","slug":"selecao-da-educacao-prefeitura-realiza-1a-convocacao","status":"publish","type":"post","link":"http:\/\/blitzconquista.com.br\/?p=38977","title":{"rendered":"Sele\u00e7\u00e3o da Educa\u00e7\u00e3o: Prefeitura realiza 1\u00aa convoca\u00e7\u00e3o"},"content":{"rendered":"<div id=\"stcpDiv\">\n<p>A Prefeitura de Vit\u00f3ria da Conquista, por meio das secretarias municipais de Administra\u00e7\u00e3o e Educa\u00e7\u00e3o, convocam os candidatos aprovados na Sele\u00e7\u00e3o n\u00ba 01\/2015 \u2013 Sele\u00e7\u00e3o p\u00fablica simplificada para contrata\u00e7\u00e3o por tempo determinado de agente de servi\u00e7os especiais\u00a0\u2013 contidos no anexo \u00fanico do Edital de Convoca\u00e7\u00e3o (abaixo), para contrata\u00e7\u00e3o por tempo determinado na Administra\u00e7\u00e3o P\u00fablica Municipal.<\/p>\n<p>Os candidatos convocados devem se dirigir pessoalmente \u00e0 Coordena\u00e7\u00e3o de Gest\u00e3o de Pessoas, localizada na Pra\u00e7a Joaquim Correia, n\u00ba 21, Centro, das 9h \u00e0s 12h e das 14h \u00e0s 17h,\u00a0 no per\u00edodo de:<\/p>\n<ul>\n<li><strong>11\/08 a 13\/08\/2015\u00a0\u2013<\/strong>\u00a0para agendamento de exames admissionais, conforme anexo VII do Edital de Abertura da Sele\u00e7\u00e3o n\u00ba 01\/2015. \u00c9 facultado ao candidato convocado realizar os exames admissionais\u00a0na rede particular ou na rede p\u00fablica (neste \u00faltimo caso, a Administra\u00e7\u00e3o Municipal far\u00e1 o encaminhamento);<\/li>\n<li><strong>11\/08 a 21\/08\/2015\u00a0\u2013<\/strong>realiza\u00e7\u00e3o dos exames;<\/li>\n<li><strong>11\/08 a 31\/08\/2015\u00a0\u2013\u00a0<\/strong>recebimento do laudo m\u00e9dico e documenta\u00e7\u00e3o exigida<\/li>\n<\/ul>\n<p>Os requisitos e documentos para contrata\u00e7\u00e3o est\u00e3o relacionados no Edital de Convoca\u00e7\u00e3o (abaixo).<\/p>\n<p><strong>Confira:<\/strong><\/p>\n<p><a href=\"http:\/\/www.pmvc.ba.gov.br\/v2\/wp-content\/uploads\/1%C2%AA-Edital-de-convoca%C3%A7%C3%A3o-Sele%C3%A7%C3%A3o-01.2015.pdf\" target=\"_blank\"><strong>Edital de Convoca\u00e7\u00e3o<\/strong><\/a><\/p>\n<p><strong><a href=\"http:\/\/www.pmvc.ba.gov.br\/v2\/wp-content\/uploads\/1%C2%AA-Edital-de-convoca%C3%A7%C3%A3o-Sele%C3%A7%C3%A3o-01.2015-Anexo-%C3%9Anico.pdf\" target=\"_blank\">Rela\u00e7\u00e3o de Convocados<\/a> \u2013 1\u00aa chamada<\/strong><\/p>\n<\/div>\n","protected":false},"excerpt":{"rendered":"<p>A Prefeitura de Vit\u00f3ria da Conquista, por meio das secretarias municipais de Administra\u00e7\u00e3o e Educa\u00e7\u00e3o, convocam os candidatos aprovados na Sele\u00e7\u00e3o n\u00ba 01\/2015 \u2013 Sele\u00e7\u00e3o p\u00fablica simplificada para contrata\u00e7\u00e3o por tempo determinado de agente de servi\u00e7os especiais\u00a0\u2013 contidos no anexo \u00fanico do Edital de Convoca\u00e7\u00e3o (abaixo), para contrata\u00e7\u00e3o por tempo determinado na Administra\u00e7\u00e3o P\u00fablica Municipal. [&hellip;]<\/p>\n","protected":false},"author":1,"featured_media":38214,"comment_status":"open","ping_status":"closed","sticky":false,"template":"","format":"standard","meta":[],"categories":[4],"tags":[],"_links":{"self":[{"href":"http:\/\/blitzconquista.com.br\/index.php?rest_route=\/wp\/v2\/posts\/38977"}],"collection":[{"href":"http:\/\/blitzconquista.com.br\/index.php?rest_route=\/wp\/v2\/posts"}],"about":[{"href":"http:\/\/blitzconquista.com.br\/index.php?rest_route=\/wp\/v2\/types\/post"}],"author":[{"embeddable":true,"href":"http:\/\/blitzconquista.com.br\/index.php?rest_route=\/wp\/v2\/users\/1"}],"replies":[{"embeddable":true,"href":"http:\/\/blitzconquista.com.br\/index.php?rest_route=%2Fwp%2Fv2%2Fcomments&post=38977"}],"version-history":[{"count":0,"href":"http:\/\/blitzconquista.com.br\/index.php?rest_route=\/wp\/v2\/posts\/38977\/revisions"}],"wp:featuredmedia":[{"embeddable":true,"href":"http:\/\/blitzconquista.com.br\/index.php?rest_route=\/wp\/v2\/media\/38214"}],"wp:attachment":[{"href":"http:\/\/blitzconquista.com.br\/index.php?rest_route=%2Fwp%2Fv2%2Fmedia&parent=38977"}],"wp:term":[{"taxonomy":"category","embeddable":true,"href":"http:\/\/blitzconquista.com.br\/index.php?rest_route=%2Fwp%2Fv2%2Fcategories&post=38977"},{"taxonomy":"post_tag","embeddable":true,"href":"http:\/\/blitzconquista.com.br\/index.php?rest_route=%2Fwp%2Fv2%2Ftags&post=38977"}],"curies":[{"name":"wp","href":"https:\/\/api.w.org\/{rel}","templated":true}]}}