{"id":39036,"date":"2015-08-10T08:57:24","date_gmt":"2015-08-10T11:57:24","guid":{"rendered":"http:\/\/blitzconquista.com.br\/?p=39036"},"modified":"2015-08-10T08:57:24","modified_gmt":"2015-08-10T11:57:24","slug":"ex-presidente-do-conselho-do-fundeb-de-anage-acusa-irregularidades-no-uso-da-verba","status":"publish","type":"post","link":"http:\/\/blitzconquista.com.br\/?p=39036","title":{"rendered":"Ex-presidente do Conselho do Fundeb de Anag\u00e9 acusa irregularidades no uso da verba"},"content":{"rendered":"<div class=\"text-descricao\">\n<div id=\"cke_pastebin\">Uma professora do munic\u00edpio de Anag\u00e9, na regi\u00e3o de Vit\u00f3ria da Conquista, que exercia o cargo de presidente do conselho do Fundo de Manuten\u00e7\u00e3o e Desenvolvimento da Educa\u00e7\u00e3o B\u00e1sica e de Valoriza\u00e7\u00e3o dos Profissionais da Educa\u00e7\u00e3o (Fundeb), foi exonerada da fun\u00e7\u00e3o ap\u00f3s denunciar poss\u00edveis irregularidades na utiliza\u00e7\u00e3o dos recursos pela prefeitura da cidade. Elciana Soares de Matos Genu\u00edno, que foi indicada para o posto pela APLB Sindicato, conforme documentos enviados ao Bahia Not\u00edcias, declarou ser concursada na administra\u00e7\u00e3o municipal h\u00e1 18 anos e n\u00e3o ter concordado com pareceres de utiliza\u00e7\u00e3o do fundo em que funcion\u00e1rios de outras secretarias tinham sal\u00e1rios pagos pelos repasses federais que s\u00e3o exclusivos para uso na educa\u00e7\u00e3o. Na composi\u00e7\u00e3o da den\u00fancia, h\u00e1 um desvio de finalidade dos recursos da ordem de R$ 2.332.038,80, em que, de acordo com a professora, por exemplo, um motorista da pasta da Sa\u00fade \u00e9 remunerado com dinheiro da Educa\u00e7\u00e3o e outra servidora da Assist\u00eancia Social recebe \u201creg\u00eancia de classe\u201d, gratifica\u00e7\u00e3o paga para educadores que est\u00e3o em sala de aula. Ela afirma que sua demiss\u00e3o est\u00e1 relacionada a uma suposta persegui\u00e7\u00e3o pol\u00edtica e j\u00e1 acionou o Minist\u00e9rio P\u00fablico Federal (MPF) que notificou a prefeita da cidade, Andrea Oliveira Silva, do PT.<\/div>\n<div id=\"cke_pastebin\"><\/div>\n<div id=\"cke_pastebin\"><img decoding=\"async\" class=\" aligncenter\" src=\"http:\/\/www.bahianoticias.com.br\/ckfinder\/userfiles\/images\/380x543xProcurador_Anage.jpg.pagespeed.ic.HawPWmaIpL.jpg\" alt=\"\" data-pagespeed-loaded=\"1\" data-pagespeed-onload=\"pagespeed.CriticalImages.checkImageForCriticality(this);\" \/><br \/>\nSegundo a assessoria do MPF, a recomenda\u00e7\u00e3o encaminhada \u00e0 gestora municipal ainda n\u00e3o teve o prazo expirado e, por isso, n\u00e3o pode, provisoriamente, comentar o assunto. A servidora acionou, tamb\u00e9m, o Minist\u00e9rio da Educa\u00e7\u00e3o que, por sua vez, solicitou apura\u00e7\u00e3o do Tribunal de Contas dos Munic\u00edpios e do Minist\u00e9rio P\u00fablico Estadual. De acordo com o blog da Resenha Geral, em entrevista nesta sexta-feira (7) a um programa da R\u00e1dio Clube de Anag\u00e9, o procurador do munic\u00edpio, Alexandre Pereira, afirmou que n\u00e3o h\u00e1 qualquer tipo de persegui\u00e7\u00e3o pol\u00edtica na exonera\u00e7\u00e3o da professora. Ele ressaltou que uma filiada ao Sindicato dos Servidores Municipais questionou o fato de Elciana ter sido indicada ao cargo e n\u00e3o eleita como prev\u00ea a portaria do Minist\u00e9rio da Educa\u00e7\u00e3o que regulamenta o Fundeb. Com a reclama\u00e7\u00e3o, o sindicato realizou o pleito, que contou com a participa\u00e7\u00e3o da ex-presidente do conselho como candidata, que definiu a composi\u00e7\u00e3o do novo do grupo que passou a fiscalizar o fundo no munic\u00edpio. Ainda segundo ele, n\u00e3o restou outra op\u00e7\u00e3o \u00e0 prefeita a n\u00e3o ser devolver a servidora \u00e0 antiga fun\u00e7\u00e3o e dar posse ao novo conselho. * Fonte: bahianot\u00edcias \/ fotos: blogdaresenhageral<\/div>\n<\/div>\n","protected":false},"excerpt":{"rendered":"<p>Uma professora do munic\u00edpio de Anag\u00e9, na regi\u00e3o de Vit\u00f3ria da Conquista, que exercia o cargo de presidente do conselho do Fundo de Manuten\u00e7\u00e3o e Desenvolvimento da Educa\u00e7\u00e3o B\u00e1sica e de Valoriza\u00e7\u00e3o dos Profissionais da Educa\u00e7\u00e3o (Fundeb), foi exonerada da fun\u00e7\u00e3o ap\u00f3s denunciar poss\u00edveis irregularidades na utiliza\u00e7\u00e3o dos recursos pela prefeitura da cidade. Elciana Soares [&hellip;]<\/p>\n","protected":false},"author":1,"featured_media":39037,"comment_status":"open","ping_status":"closed","sticky":false,"template":"","format":"standard","meta":[],"categories":[5],"tags":[],"_links":{"self":[{"href":"http:\/\/blitzconquista.com.br\/index.php?rest_route=\/wp\/v2\/posts\/39036"}],"collection":[{"href":"http:\/\/blitzconquista.com.br\/index.php?rest_route=\/wp\/v2\/posts"}],"about":[{"href":"http:\/\/blitzconquista.com.br\/index.php?rest_route=\/wp\/v2\/types\/post"}],"author":[{"embeddable":true,"href":"http:\/\/blitzconquista.com.br\/index.php?rest_route=\/wp\/v2\/users\/1"}],"replies":[{"embeddable":true,"href":"http:\/\/blitzconquista.com.br\/index.php?rest_route=%2Fwp%2Fv2%2Fcomments&post=39036"}],"version-history":[{"count":0,"href":"http:\/\/blitzconquista.com.br\/index.php?rest_route=\/wp\/v2\/posts\/39036\/revisions"}],"wp:featuredmedia":[{"embeddable":true,"href":"http:\/\/blitzconquista.com.br\/index.php?rest_route=\/wp\/v2\/media\/39037"}],"wp:attachment":[{"href":"http:\/\/blitzconquista.com.br\/index.php?rest_route=%2Fwp%2Fv2%2Fmedia&parent=39036"}],"wp:term":[{"taxonomy":"category","embeddable":true,"href":"http:\/\/blitzconquista.com.br\/index.php?rest_route=%2Fwp%2Fv2%2Fcategories&post=39036"},{"taxonomy":"post_tag","embeddable":true,"href":"http:\/\/blitzconquista.com.br\/index.php?rest_route=%2Fwp%2Fv2%2Ftags&post=39036"}],"curies":[{"name":"wp","href":"https:\/\/api.w.org\/{rel}","templated":true}]}}