{"id":39088,"date":"2015-08-11T11:37:33","date_gmt":"2015-08-11T14:37:33","guid":{"rendered":"http:\/\/blitzconquista.com.br\/?p=39088"},"modified":"2015-08-11T11:37:33","modified_gmt":"2015-08-11T14:37:33","slug":"conferencia-municipal-da-juventude-acontece-nos-dias-21-e-22-de-agosto","status":"publish","type":"post","link":"http:\/\/blitzconquista.com.br\/?p=39088","title":{"rendered":"Confer\u00eancia Municipal da Juventude acontece nos dias 21 e 22 de agosto"},"content":{"rendered":"<div id=\"stcpDiv\">\n<p>Ser\u00e1 realizada nos pr\u00f3ximos dias 21 e 22 de agosto, a Confer\u00eancia Municipal da Juventude. O encontro, preparat\u00f3rio para as etapas territorial, estadual e nacional, \u00e9 aberto para todos os segmentos da juventude, al\u00e9m do poder p\u00fablico e comunidade em geral.<\/p>\n<p>A abertura da Confer\u00eancia acontecer\u00e1 na sexta-feira, 21, no audit\u00f3rio do Cemae. No s\u00e1bado, 22, os participantes se reunir\u00e3o durante todo o dia na sede da Secretaria Municipal de Trabalho, Renda e Desenvolvimento Econ\u00f4mico (Semtre). Na ocasi\u00e3o, eles se dividir\u00e3o em grupos de trabalho para discutirem temas do interesse da juventude, entre eles: sa\u00fade, educa\u00e7\u00e3o, trabalho e cultura.<\/p>\n<p>Durante a confer\u00eancia, ser\u00e3o definidas as propostas para as demais confer\u00eancias e eleitos os delegados que representar\u00e3o Vit\u00f3ria da Conquista na etapa territorial. Para finalizar os trabalhos, um momento cultural. *Secom<\/p>\n<\/div>\n","protected":false},"excerpt":{"rendered":"<p>Ser\u00e1 realizada nos pr\u00f3ximos dias 21 e 22 de agosto, a Confer\u00eancia Municipal da Juventude. O encontro, preparat\u00f3rio para as etapas territorial, estadual e nacional, \u00e9 aberto para todos os segmentos da juventude, al\u00e9m do poder p\u00fablico e comunidade em geral. A abertura da Confer\u00eancia acontecer\u00e1 na sexta-feira, 21, no audit\u00f3rio do Cemae. No s\u00e1bado, [&hellip;]<\/p>\n","protected":false},"author":1,"featured_media":39089,"comment_status":"open","ping_status":"closed","sticky":false,"template":"","format":"standard","meta":[],"categories":[4],"tags":[],"_links":{"self":[{"href":"http:\/\/blitzconquista.com.br\/index.php?rest_route=\/wp\/v2\/posts\/39088"}],"collection":[{"href":"http:\/\/blitzconquista.com.br\/index.php?rest_route=\/wp\/v2\/posts"}],"about":[{"href":"http:\/\/blitzconquista.com.br\/index.php?rest_route=\/wp\/v2\/types\/post"}],"author":[{"embeddable":true,"href":"http:\/\/blitzconquista.com.br\/index.php?rest_route=\/wp\/v2\/users\/1"}],"replies":[{"embeddable":true,"href":"http:\/\/blitzconquista.com.br\/index.php?rest_route=%2Fwp%2Fv2%2Fcomments&post=39088"}],"version-history":[{"count":0,"href":"http:\/\/blitzconquista.com.br\/index.php?rest_route=\/wp\/v2\/posts\/39088\/revisions"}],"wp:featuredmedia":[{"embeddable":true,"href":"http:\/\/blitzconquista.com.br\/index.php?rest_route=\/wp\/v2\/media\/39089"}],"wp:attachment":[{"href":"http:\/\/blitzconquista.com.br\/index.php?rest_route=%2Fwp%2Fv2%2Fmedia&parent=39088"}],"wp:term":[{"taxonomy":"category","embeddable":true,"href":"http:\/\/blitzconquista.com.br\/index.php?rest_route=%2Fwp%2Fv2%2Fcategories&post=39088"},{"taxonomy":"post_tag","embeddable":true,"href":"http:\/\/blitzconquista.com.br\/index.php?rest_route=%2Fwp%2Fv2%2Ftags&post=39088"}],"curies":[{"name":"wp","href":"https:\/\/api.w.org\/{rel}","templated":true}]}}