{"id":39119,"date":"2015-08-12T00:16:53","date_gmt":"2015-08-12T03:16:53","guid":{"rendered":"http:\/\/blitzconquista.com.br\/?p=39119"},"modified":"2015-08-12T00:16:53","modified_gmt":"2015-08-12T03:16:53","slug":"governo-vai-reduzir-preco-da-bandeira-vermelha-da-conta-de-luz-em-ate-20","status":"publish","type":"post","link":"http:\/\/blitzconquista.com.br\/?p=39119","title":{"rendered":"Governo vai reduzir pre\u00e7o da bandeira vermelha da conta de luz em at\u00e9 20%"},"content":{"rendered":"<p>A presidente Dilma Rousseff disse ser lastim\u00e1vel o aumento nas contas de luz, mas anunciou que a Ag\u00eancia Nacional de Energia El\u00e9trica (Aneel) vai reduzir de 15% a 20% o pre\u00e7o da bandeira tarif\u00e1ria vermelha gra\u00e7as ao desligamento de usinas t\u00e9rmicas na \u00faltima semana.<\/p>\n<p>O desligamento de 2.000 megawatts em gera\u00e7\u00e3o t\u00e9rmica no \u00faltimo s\u00e1bado possibilitar\u00e1 uma mudan\u00e7a no regime de bandeira vermelha, que hoje cobra nas contas de luz um adicional de R$ 5,50 para cada 100 kilowatts-hora (kWh) consumidos. Desde janeiro vigora a bandeira vermelha, a mais cara, em todo o Pa\u00eds.<\/p>\n<p>O ministro de Minas e Energia, Eduardo Braga, disse que haver\u00e1 um desconto na bandeira vermelha em setembro, mas n\u00e3o uma redu\u00e7\u00e3o para a bandeira amarela porque o Pa\u00eds ainda est\u00e1 em seu &#8220;per\u00edodo seco&#8221;.<\/p>\n<p>Segundo o ministro, com o desconto que ser\u00e1 definido at\u00e9 o dia 28 deste m\u00eas, a bandeira vermelha de setembro cair\u00e1 dos atuais R$ 5,50 por 100 kilowatts-hora (kWh) para R$ 5 ou at\u00e9 R$ 4,50.<\/p>\n","protected":false},"excerpt":{"rendered":"<p>A presidente Dilma Rousseff disse ser lastim\u00e1vel o aumento nas contas de luz, mas anunciou que a Ag\u00eancia Nacional de Energia El\u00e9trica (Aneel) vai reduzir de 15% a 20% o pre\u00e7o da bandeira tarif\u00e1ria vermelha gra\u00e7as ao desligamento de usinas t\u00e9rmicas na \u00faltima semana. O desligamento de 2.000 megawatts em gera\u00e7\u00e3o t\u00e9rmica no \u00faltimo s\u00e1bado [&hellip;]<\/p>\n","protected":false},"author":1,"featured_media":39120,"comment_status":"open","ping_status":"closed","sticky":false,"template":"","format":"standard","meta":[],"categories":[5],"tags":[],"_links":{"self":[{"href":"http:\/\/blitzconquista.com.br\/index.php?rest_route=\/wp\/v2\/posts\/39119"}],"collection":[{"href":"http:\/\/blitzconquista.com.br\/index.php?rest_route=\/wp\/v2\/posts"}],"about":[{"href":"http:\/\/blitzconquista.com.br\/index.php?rest_route=\/wp\/v2\/types\/post"}],"author":[{"embeddable":true,"href":"http:\/\/blitzconquista.com.br\/index.php?rest_route=\/wp\/v2\/users\/1"}],"replies":[{"embeddable":true,"href":"http:\/\/blitzconquista.com.br\/index.php?rest_route=%2Fwp%2Fv2%2Fcomments&post=39119"}],"version-history":[{"count":0,"href":"http:\/\/blitzconquista.com.br\/index.php?rest_route=\/wp\/v2\/posts\/39119\/revisions"}],"wp:featuredmedia":[{"embeddable":true,"href":"http:\/\/blitzconquista.com.br\/index.php?rest_route=\/wp\/v2\/media\/39120"}],"wp:attachment":[{"href":"http:\/\/blitzconquista.com.br\/index.php?rest_route=%2Fwp%2Fv2%2Fmedia&parent=39119"}],"wp:term":[{"taxonomy":"category","embeddable":true,"href":"http:\/\/blitzconquista.com.br\/index.php?rest_route=%2Fwp%2Fv2%2Fcategories&post=39119"},{"taxonomy":"post_tag","embeddable":true,"href":"http:\/\/blitzconquista.com.br\/index.php?rest_route=%2Fwp%2Fv2%2Ftags&post=39119"}],"curies":[{"name":"wp","href":"https:\/\/api.w.org\/{rel}","templated":true}]}}