{"id":39138,"date":"2015-08-12T16:37:11","date_gmt":"2015-08-12T19:37:11","guid":{"rendered":"http:\/\/blitzconquista.com.br\/?p=39138"},"modified":"2015-08-12T16:37:11","modified_gmt":"2015-08-12T19:37:11","slug":"psb-de-vitoria-da-conquista-realiza-ato-em-memoria-de-eduardo-campos","status":"publish","type":"post","link":"http:\/\/blitzconquista.com.br\/?p=39138","title":{"rendered":"PSB de Vit\u00f3ria da Conquista realiza ato em mem\u00f3ria de Eduardo Campos"},"content":{"rendered":"<p><span class=\"_5yl5\" data-reactid=\".al.1:$mid=11439337134881=2fd20f9d3b9492eed36.2:0.0.0.0.0\"><span data-reactid=\".al.1:$mid=11439337134881=2fd20f9d3b9492eed36.2:0.0.0.0.0.0\">O diret\u00f3rio municipal do Partido Socialista Brasileiro\/PSB de Vit\u00f3ria da Conquista realiza, na pr\u00f3xima quinta-feira (13), um ato em mem\u00f3ria do ex-governador de Pernambuco, Eduardo Campos, morto em acidente a\u00e9reo h\u00e1 um ano durante a campanha presidencial. Campos era candidato a presidente da Rep\u00fablica, tendo Marina Silva como vice na chapa majorit\u00e1ria. A morte do l\u00edder socialista comoveu todo o Brasil e alterou significativamente os rumos das elei\u00e7\u00f5es presidenciais de 2014. Um dia antes do acidente, em entrevista ao Jornal Nacional, Eduardo Campos manifestou uma opini\u00e3o que acabou ganhando as ruas do pa\u00eds. \u2018\u2019N\u00e3o vamos desistir do Brasil. \u00c9 aqui onde vamos criar nossos filhos, \u00e9 aqui onde temos que criar uma sociedade mais justa\u2019\u2019. Segundo o presidente do PSB local, Jo\u00e1s Meira, \u201cdia ap\u00f3s dia, esta express\u00e3o de brasilidade ganha mais for\u00e7a e sentido. Eduardo Campos continua vivo na mem\u00f3ria do povo brasileiro. Seu legado \u00e9 perene\u201d. A atividade pol\u00edtica em celebra\u00e7\u00e3o \u00e0 mem\u00f3ria de Eduardo Campos ser\u00e1 realizada na sede do PSB, na Travessa Zulmiro Nunes, ao lado do Hotel Livramento, \u00e0s 19:30, e dever\u00e1 contar com a presen\u00e7a de lideran\u00e7as pol\u00edticas de diversos partidos e segmentos organizados locais. Segundo o vice-presidente do PSB, Gildelson Fel\u00edcio, uma das marcas mais fortes de Eduardo Campos era a habilidade para o di\u00e1logo sem jamais abrir m\u00e3o de suas convic\u00e7\u00f5es ideol\u00f3gicas. \u201cEduardo Campos teria sido um presidente exemplar para o Brasil, diz.<\/span><\/span><\/p>\n","protected":false},"excerpt":{"rendered":"<p>O diret\u00f3rio municipal do Partido Socialista Brasileiro\/PSB de Vit\u00f3ria da Conquista realiza, na pr\u00f3xima quinta-feira (13), um ato em mem\u00f3ria do ex-governador de Pernambuco, Eduardo Campos, morto em acidente a\u00e9reo h\u00e1 um ano durante a campanha presidencial. Campos era candidato a presidente da Rep\u00fablica, tendo Marina Silva como vice na chapa majorit\u00e1ria. A morte do [&hellip;]<\/p>\n","protected":false},"author":1,"featured_media":39139,"comment_status":"open","ping_status":"closed","sticky":false,"template":"","format":"standard","meta":[],"categories":[5],"tags":[],"_links":{"self":[{"href":"http:\/\/blitzconquista.com.br\/index.php?rest_route=\/wp\/v2\/posts\/39138"}],"collection":[{"href":"http:\/\/blitzconquista.com.br\/index.php?rest_route=\/wp\/v2\/posts"}],"about":[{"href":"http:\/\/blitzconquista.com.br\/index.php?rest_route=\/wp\/v2\/types\/post"}],"author":[{"embeddable":true,"href":"http:\/\/blitzconquista.com.br\/index.php?rest_route=\/wp\/v2\/users\/1"}],"replies":[{"embeddable":true,"href":"http:\/\/blitzconquista.com.br\/index.php?rest_route=%2Fwp%2Fv2%2Fcomments&post=39138"}],"version-history":[{"count":0,"href":"http:\/\/blitzconquista.com.br\/index.php?rest_route=\/wp\/v2\/posts\/39138\/revisions"}],"wp:featuredmedia":[{"embeddable":true,"href":"http:\/\/blitzconquista.com.br\/index.php?rest_route=\/wp\/v2\/media\/39139"}],"wp:attachment":[{"href":"http:\/\/blitzconquista.com.br\/index.php?rest_route=%2Fwp%2Fv2%2Fmedia&parent=39138"}],"wp:term":[{"taxonomy":"category","embeddable":true,"href":"http:\/\/blitzconquista.com.br\/index.php?rest_route=%2Fwp%2Fv2%2Fcategories&post=39138"},{"taxonomy":"post_tag","embeddable":true,"href":"http:\/\/blitzconquista.com.br\/index.php?rest_route=%2Fwp%2Fv2%2Ftags&post=39138"}],"curies":[{"name":"wp","href":"https:\/\/api.w.org\/{rel}","templated":true}]}}