{"id":39162,"date":"2015-08-12T23:00:44","date_gmt":"2015-08-13T02:00:44","guid":{"rendered":"http:\/\/blitzconquista.com.br\/?p=39162"},"modified":"2015-08-12T23:00:44","modified_gmt":"2015-08-13T02:00:44","slug":"feirao-do-nome-limpo-sera-realizado-em-vitoria-da-conquista","status":"publish","type":"post","link":"http:\/\/blitzconquista.com.br\/?p=39162","title":{"rendered":"Feir\u00e3o do nome limpo ser\u00e1 realizado em Vit\u00f3ria da Conquista"},"content":{"rendered":"<p>O Tribunal de Justi\u00e7a da Bahia e da Federa\u00e7\u00e3o das C\u00e2maras de Dirigentes Lojista (FCDL) ir\u00e3o promover, em conjunto, o TJ Concilia e o Feir\u00e3o do Nome Limpo, nas tr\u00eas maiores cidades da Bahia. Com isso, consumidores inadimplentes ter\u00e3o mais chances de limpar o nome e realizar concilia\u00e7\u00f5es judiciais.<\/p>\n<p>As a\u00e7\u00f5es, que ser\u00e3o realizadas em Salvador, Feira de Santana e Vit\u00f3ria da Conquista, buscam a concilia\u00e7\u00e3o em processos judiciais que tramitam nos Juizados Especiais e a negocia\u00e7\u00e3o de d\u00edvidas junto a empresas para a retirada do nome dos cadastros de servi\u00e7o de prote\u00e7\u00e3o ao cr\u00e9dito.<\/p>\n<p>Vit\u00f3ria da Conquista ser\u00e1 a primeira cidade a receber o Feir\u00e3o. Aqui, a a\u00e7\u00e3o ocorrer\u00e1 nos dias 23, 24 e 25 de setembro. J\u00e1 em Feira de Santana, o TJ Concilia e o Feir\u00e3o do Nome Limpo devem ocorrer no m\u00eas de outubro. E, em Salvador, a a\u00e7\u00e3o est\u00e1 prevista para acontecer em novembro, quando ser\u00e1 realizada a Semana Nacional de Concilia\u00e7\u00e3o, promovida pelo Conselho Nacional de Justi\u00e7a.<\/p>\n","protected":false},"excerpt":{"rendered":"<p>O Tribunal de Justi\u00e7a da Bahia e da Federa\u00e7\u00e3o das C\u00e2maras de Dirigentes Lojista (FCDL) ir\u00e3o promover, em conjunto, o TJ Concilia e o Feir\u00e3o do Nome Limpo, nas tr\u00eas maiores cidades da Bahia. Com isso, consumidores inadimplentes ter\u00e3o mais chances de limpar o nome e realizar concilia\u00e7\u00f5es judiciais. As a\u00e7\u00f5es, que ser\u00e3o realizadas em [&hellip;]<\/p>\n","protected":false},"author":1,"featured_media":38803,"comment_status":"open","ping_status":"closed","sticky":false,"template":"","format":"standard","meta":[],"categories":[4],"tags":[],"_links":{"self":[{"href":"http:\/\/blitzconquista.com.br\/index.php?rest_route=\/wp\/v2\/posts\/39162"}],"collection":[{"href":"http:\/\/blitzconquista.com.br\/index.php?rest_route=\/wp\/v2\/posts"}],"about":[{"href":"http:\/\/blitzconquista.com.br\/index.php?rest_route=\/wp\/v2\/types\/post"}],"author":[{"embeddable":true,"href":"http:\/\/blitzconquista.com.br\/index.php?rest_route=\/wp\/v2\/users\/1"}],"replies":[{"embeddable":true,"href":"http:\/\/blitzconquista.com.br\/index.php?rest_route=%2Fwp%2Fv2%2Fcomments&post=39162"}],"version-history":[{"count":0,"href":"http:\/\/blitzconquista.com.br\/index.php?rest_route=\/wp\/v2\/posts\/39162\/revisions"}],"wp:featuredmedia":[{"embeddable":true,"href":"http:\/\/blitzconquista.com.br\/index.php?rest_route=\/wp\/v2\/media\/38803"}],"wp:attachment":[{"href":"http:\/\/blitzconquista.com.br\/index.php?rest_route=%2Fwp%2Fv2%2Fmedia&parent=39162"}],"wp:term":[{"taxonomy":"category","embeddable":true,"href":"http:\/\/blitzconquista.com.br\/index.php?rest_route=%2Fwp%2Fv2%2Fcategories&post=39162"},{"taxonomy":"post_tag","embeddable":true,"href":"http:\/\/blitzconquista.com.br\/index.php?rest_route=%2Fwp%2Fv2%2Ftags&post=39162"}],"curies":[{"name":"wp","href":"https:\/\/api.w.org\/{rel}","templated":true}]}}