{"id":39183,"date":"2015-08-12T23:52:33","date_gmt":"2015-08-13T02:52:33","guid":{"rendered":"http:\/\/blitzconquista.com.br\/?p=39183"},"modified":"2015-08-12T23:52:33","modified_gmt":"2015-08-13T02:52:33","slug":"stf-propoe-salario-de-quase-r-40-mil-para-seus-ministros","status":"publish","type":"post","link":"http:\/\/blitzconquista.com.br\/?p=39183","title":{"rendered":"STF prop\u00f5e sal\u00e1rio de quase R$ 40 mil para seus ministros"},"content":{"rendered":"<p>O Supremo Tribunal Federal (STF) definiu hoje (12) a proposta de reajuste para os servidores do Judici\u00e1rio da Uni\u00e3o. O projeto de lei do Supremo que ser\u00e1 enviado ao Congresso prev\u00ea aumento de 41,47% para os servidores. O sal\u00e1rio dos ministros do STF, teto do funcionalismo p\u00fablico, passar\u00e1 de R$ 33,7 mil para R$ 39,2 mil, a partir de janeiro.<\/p>\n<p>Para evitar um poss\u00edvel veto da Presid\u00eancia da Rep\u00fablica, o reajuste foi acertado com o Minist\u00e9rio do Planejamento, mas ainda depende de aprova\u00e7\u00e3o do Congresso Nacional para ser efetivado. A recomposi\u00e7\u00e3o \u00e9 referente aos anos de 2009 a 2014, per\u00edodo em que os sal\u00e1rios dos ministros e servidores n\u00e3o foram reajustados.<\/p>\n<p>No m\u00eas passado, a presidenta Dilma Rousseff vetou integralmente, \u201cpor inconstitucionalidade e contrariedade ao interesse p\u00fablico\u201d, o projeto de lei que reajustaria os sal\u00e1rios dos servidores em at\u00e9 78,56%. A quest\u00e3o \u00e9 tratada pelo STF porque cabe \u00e0 Corte enviar ao Congresso o projeto de lei que trata do reajuste da categoria.<\/p>\n<p>O reajuste ser\u00e1 pago em oito parcelas semestrais, a partir de janeiro de 2016. De acordo com Minist\u00e9rio do Planejamento, o impacto total do aumento ser\u00e1 de R$ 5,9 bilh\u00f5es.<\/p>\n<p>De acordo com o Supremo, somente o aumento para os servidores foi negociado com o Executivo, pois o recursos j\u00e1 est\u00e3o previstos. O reajuste de 16,38 % para os subs\u00eddios do ministros do STF n\u00e3o foi negociado e depender\u00e1 de previs\u00e3o or\u00e7ament\u00e1ria.<\/p>\n<p><img decoding=\"async\" loading=\"lazy\" class=\"alignnone size-full wp-image-38965\" src=\"http:\/\/blitzconquista.com.br\/wp-content\/uploads\/2015\/08\/agencia_brasil_logo.png\" alt=\"agencia_brasil_logo\" width=\"150\" height=\"35\" \/><\/p>\n","protected":false},"excerpt":{"rendered":"<p>O Supremo Tribunal Federal (STF) definiu hoje (12) a proposta de reajuste para os servidores do Judici\u00e1rio da Uni\u00e3o. O projeto de lei do Supremo que ser\u00e1 enviado ao Congresso prev\u00ea aumento de 41,47% para os servidores. O sal\u00e1rio dos ministros do STF, teto do funcionalismo p\u00fablico, passar\u00e1 de R$ 33,7 mil para R$ 39,2 [&hellip;]<\/p>\n","protected":false},"author":1,"featured_media":39184,"comment_status":"open","ping_status":"closed","sticky":false,"template":"","format":"standard","meta":[],"categories":[5],"tags":[],"_links":{"self":[{"href":"http:\/\/blitzconquista.com.br\/index.php?rest_route=\/wp\/v2\/posts\/39183"}],"collection":[{"href":"http:\/\/blitzconquista.com.br\/index.php?rest_route=\/wp\/v2\/posts"}],"about":[{"href":"http:\/\/blitzconquista.com.br\/index.php?rest_route=\/wp\/v2\/types\/post"}],"author":[{"embeddable":true,"href":"http:\/\/blitzconquista.com.br\/index.php?rest_route=\/wp\/v2\/users\/1"}],"replies":[{"embeddable":true,"href":"http:\/\/blitzconquista.com.br\/index.php?rest_route=%2Fwp%2Fv2%2Fcomments&post=39183"}],"version-history":[{"count":0,"href":"http:\/\/blitzconquista.com.br\/index.php?rest_route=\/wp\/v2\/posts\/39183\/revisions"}],"wp:featuredmedia":[{"embeddable":true,"href":"http:\/\/blitzconquista.com.br\/index.php?rest_route=\/wp\/v2\/media\/39184"}],"wp:attachment":[{"href":"http:\/\/blitzconquista.com.br\/index.php?rest_route=%2Fwp%2Fv2%2Fmedia&parent=39183"}],"wp:term":[{"taxonomy":"category","embeddable":true,"href":"http:\/\/blitzconquista.com.br\/index.php?rest_route=%2Fwp%2Fv2%2Fcategories&post=39183"},{"taxonomy":"post_tag","embeddable":true,"href":"http:\/\/blitzconquista.com.br\/index.php?rest_route=%2Fwp%2Fv2%2Ftags&post=39183"}],"curies":[{"name":"wp","href":"https:\/\/api.w.org\/{rel}","templated":true}]}}