{"id":39204,"date":"2015-08-13T11:44:30","date_gmt":"2015-08-13T14:44:30","guid":{"rendered":"http:\/\/blitzconquista.com.br\/?p=39204"},"modified":"2015-08-13T11:44:30","modified_gmt":"2015-08-13T14:44:30","slug":"comissao-de-saude-da-alba-realiza-audiencia-publica-em-conquista","status":"publish","type":"post","link":"http:\/\/blitzconquista.com.br\/?p=39204","title":{"rendered":"Comiss\u00e3o de Sa\u00fade da ALBA realiza audi\u00eancia p\u00fablica em Conquista"},"content":{"rendered":"<p>A Comiss\u00e3o de Sa\u00fade da Assembleia Legislativa da Bahia realizar\u00e1 uma audi\u00eancia p\u00fablica, no final da pr\u00f3xima semana, em Vit\u00f3ria da Conquista. O encontro foi aprovado ap\u00f3s um requerimento do deputado conquistense Herzem Gusm\u00e3o (PMDB).<\/p>\n<p>Na reuni\u00e3o, ser\u00e1 tratada a situa\u00e7\u00e3o do Programa de Sa\u00fade da Fam\u00edlia, do problema na aten\u00e7\u00e3o b\u00e1sica, al\u00e9m da regula\u00e7\u00e3o e hospitais que foram desativados. \u201cTrataremos da proposta de reativa\u00e7\u00e3o do Hospital Cresc\u00eancio Silveira, dos atrasos na constru\u00e7\u00e3o das UPAs e o formato de pactua\u00e7\u00e3o com os munic\u00edpios da regi\u00e3o. Portanto, conseguimos marcar essa audi\u00eancia p\u00fablica que ser\u00e1 de extrema import\u00e2ncia para Vit\u00f3ria da Conquista\u201d, assegurou Herzem.<\/p>\n<p>A audi\u00eancia ocorrer\u00e1 no dia 21 (sexta-feira), no audit\u00f3rio da Ordem dos Advogados do Brasil (OAB), subse\u00e7\u00e3o de Vit\u00f3ria da Conquista, a partir das 16h. *Nildo Freitas.com<\/p>\n","protected":false},"excerpt":{"rendered":"<p>A Comiss\u00e3o de Sa\u00fade da Assembleia Legislativa da Bahia realizar\u00e1 uma audi\u00eancia p\u00fablica, no final da pr\u00f3xima semana, em Vit\u00f3ria da Conquista. O encontro foi aprovado ap\u00f3s um requerimento do deputado conquistense Herzem Gusm\u00e3o (PMDB). Na reuni\u00e3o, ser\u00e1 tratada a situa\u00e7\u00e3o do Programa de Sa\u00fade da Fam\u00edlia, do problema na aten\u00e7\u00e3o b\u00e1sica, al\u00e9m da regula\u00e7\u00e3o [&hellip;]<\/p>\n","protected":false},"author":1,"featured_media":39205,"comment_status":"open","ping_status":"closed","sticky":false,"template":"","format":"standard","meta":[],"categories":[5],"tags":[],"_links":{"self":[{"href":"http:\/\/blitzconquista.com.br\/index.php?rest_route=\/wp\/v2\/posts\/39204"}],"collection":[{"href":"http:\/\/blitzconquista.com.br\/index.php?rest_route=\/wp\/v2\/posts"}],"about":[{"href":"http:\/\/blitzconquista.com.br\/index.php?rest_route=\/wp\/v2\/types\/post"}],"author":[{"embeddable":true,"href":"http:\/\/blitzconquista.com.br\/index.php?rest_route=\/wp\/v2\/users\/1"}],"replies":[{"embeddable":true,"href":"http:\/\/blitzconquista.com.br\/index.php?rest_route=%2Fwp%2Fv2%2Fcomments&post=39204"}],"version-history":[{"count":0,"href":"http:\/\/blitzconquista.com.br\/index.php?rest_route=\/wp\/v2\/posts\/39204\/revisions"}],"wp:featuredmedia":[{"embeddable":true,"href":"http:\/\/blitzconquista.com.br\/index.php?rest_route=\/wp\/v2\/media\/39205"}],"wp:attachment":[{"href":"http:\/\/blitzconquista.com.br\/index.php?rest_route=%2Fwp%2Fv2%2Fmedia&parent=39204"}],"wp:term":[{"taxonomy":"category","embeddable":true,"href":"http:\/\/blitzconquista.com.br\/index.php?rest_route=%2Fwp%2Fv2%2Fcategories&post=39204"},{"taxonomy":"post_tag","embeddable":true,"href":"http:\/\/blitzconquista.com.br\/index.php?rest_route=%2Fwp%2Fv2%2Ftags&post=39204"}],"curies":[{"name":"wp","href":"https:\/\/api.w.org\/{rel}","templated":true}]}}