{"id":39226,"date":"2015-08-13T23:53:53","date_gmt":"2015-08-14T02:53:53","guid":{"rendered":"http:\/\/blitzconquista.com.br\/?p=39226"},"modified":"2015-08-13T23:53:53","modified_gmt":"2015-08-14T02:53:53","slug":"festa-da-padroeira-e-realizada-pela-arquidiocese-de-vitoria-da-conquista","status":"publish","type":"post","link":"http:\/\/blitzconquista.com.br\/?p=39226","title":{"rendered":"Festa da Padroeira \u00e9 realizada pela Arquidiocese de Vit\u00f3ria da Conquista"},"content":{"rendered":"<div id=\"stcpDiv\">\n<p>Vit\u00f3ria da Conquista, mais especificamente a Arquidiocese da cidade, est\u00e1 se preparando para comemorar o cent\u00e9simo d\u00e9cimo anivers\u00e1rio da padroeira do munic\u00edpio, Nossa Senhora das Vit\u00f3rias. Este ano, o tema central \u00e9: \u201cCom Maria, somos igreja, assembleia das Chamadas, Ch\u00e3o de todas as voca\u00e7\u00f5es\u201d<\/p>\n<p>O noven\u00e1rio come\u00e7ou na \u00faltima quinta-feira, 6, e a festa ser\u00e1 realizada nesse s\u00e1bado, 15, no Centro Glauber Rocha \u2013 Educa\u00e7\u00e3o e Cultura. Como parte da programa\u00e7\u00e3o, acontece \u00e0s 9h uma Missa pelos Visitantes, Encontros do Povo de Deus. Na parte da tarde, \u00e0s 15h, acontece uma Missa Festiva em Louvor a Nossa Senhora das Vit\u00f3rias.<\/p>\n<p>Mais uma vez, \u00e9 esperada a participa\u00e7\u00e3o de milhares de fieis na\u00a0celebra\u00e7\u00e3o de encerramento da festa da padroeira. <a href=\"http:\/\/www.pmvc.ba.gov.br\/v2\/noticias\/governo-municipal-recebe-comissao-da-festa-da-padroeira-nossa-senhora-das-vitorias\/\" target=\"_blank\"><strong>O evento conta com o apoio da Prefeitura Municipal<\/strong><\/a>.<\/p>\n<\/div>\n","protected":false},"excerpt":{"rendered":"<p>Vit\u00f3ria da Conquista, mais especificamente a Arquidiocese da cidade, est\u00e1 se preparando para comemorar o cent\u00e9simo d\u00e9cimo anivers\u00e1rio da padroeira do munic\u00edpio, Nossa Senhora das Vit\u00f3rias. Este ano, o tema central \u00e9: \u201cCom Maria, somos igreja, assembleia das Chamadas, Ch\u00e3o de todas as voca\u00e7\u00f5es\u201d O noven\u00e1rio come\u00e7ou na \u00faltima quinta-feira, 6, e a festa ser\u00e1 [&hellip;]<\/p>\n","protected":false},"author":1,"featured_media":39227,"comment_status":"open","ping_status":"closed","sticky":false,"template":"","format":"standard","meta":[],"categories":[4],"tags":[],"_links":{"self":[{"href":"http:\/\/blitzconquista.com.br\/index.php?rest_route=\/wp\/v2\/posts\/39226"}],"collection":[{"href":"http:\/\/blitzconquista.com.br\/index.php?rest_route=\/wp\/v2\/posts"}],"about":[{"href":"http:\/\/blitzconquista.com.br\/index.php?rest_route=\/wp\/v2\/types\/post"}],"author":[{"embeddable":true,"href":"http:\/\/blitzconquista.com.br\/index.php?rest_route=\/wp\/v2\/users\/1"}],"replies":[{"embeddable":true,"href":"http:\/\/blitzconquista.com.br\/index.php?rest_route=%2Fwp%2Fv2%2Fcomments&post=39226"}],"version-history":[{"count":0,"href":"http:\/\/blitzconquista.com.br\/index.php?rest_route=\/wp\/v2\/posts\/39226\/revisions"}],"wp:featuredmedia":[{"embeddable":true,"href":"http:\/\/blitzconquista.com.br\/index.php?rest_route=\/wp\/v2\/media\/39227"}],"wp:attachment":[{"href":"http:\/\/blitzconquista.com.br\/index.php?rest_route=%2Fwp%2Fv2%2Fmedia&parent=39226"}],"wp:term":[{"taxonomy":"category","embeddable":true,"href":"http:\/\/blitzconquista.com.br\/index.php?rest_route=%2Fwp%2Fv2%2Fcategories&post=39226"},{"taxonomy":"post_tag","embeddable":true,"href":"http:\/\/blitzconquista.com.br\/index.php?rest_route=%2Fwp%2Fv2%2Ftags&post=39226"}],"curies":[{"name":"wp","href":"https:\/\/api.w.org\/{rel}","templated":true}]}}