{"id":39229,"date":"2015-08-13T23:56:26","date_gmt":"2015-08-14T02:56:26","guid":{"rendered":"http:\/\/blitzconquista.com.br\/?p=39229"},"modified":"2015-08-14T00:26:38","modified_gmt":"2015-08-14T03:26:38","slug":"movimentos-sociais-apoiam-dilma-e-pedem-que-nao-haja-retrocessos-sociais","status":"publish","type":"post","link":"http:\/\/blitzconquista.com.br\/?p=39229","title":{"rendered":"Movimentos sociais apoiam Dilma e pedem que n\u00e3o haja retrocessos sociais"},"content":{"rendered":"<p>Representantes de dezenas de movimentos sociais se reuniram hoje (13), em Bras\u00edlia, para apoiar a presidenta Dilma Rousseff. Eles se posicionaram contra qualquer proposta de fim do mandato presidencial antes de 2018 e reafirmaram suas demandas contra as consequ\u00eancias do ajuste fiscal nos programas sociais. Por mais de uma hora, a presidenta ouviu os representantes de oito entidades que, em un\u00edssono, entoaram palavras de ordem como \u201cN\u00e3o vai ter golpe\u201d e \u201cTeve Copa, teve tudo, s\u00f3 n\u00e3o vai ter terceiro turno\u201d.<\/p>\n<p>Ap\u00f3s a reuni\u00e3o, o ministro-chefe da Secretaria-Geral da Presid\u00eancia da Rep\u00fablica, Miguel Rossetto, disse que a popularidade da presidenta Dilma Rousseff tende a aumentar \u00e0 medida em que ela passar a receber apoios como o de hoje e as pol\u00edticas do governo come\u00e7arem a ser implantadas.<\/p>\n<p>A principal linha de racioc\u00ednio dos oradores, durante o encontro que reuniu mais de 800 pessoas, de acordo com o Pal\u00e1cio do Planalto, foi a de que os movimentos sociais dever\u00e3o estar unidos a favor da democracia e contra setores que tentam derrubar o governo.<\/p>\n<p>Coordenador do Movimento dos Trabalhadores Sem Teto, Guilherme Boulos, fez um alerta aos que chamou de\u00a0 &#8220;golpistas que se utilizam da insatisfa\u00e7\u00e3o social para impor o seu projeto pol\u00edtico e para atacar a democracia\u201d. \u201cEsses est\u00e3o por a\u00ed em v\u00e1rias partes do pa\u00eds semeando intoler\u00e2ncia, \u00f3dio, preconceitos. Queremos dizer aqui, em alto e bom som: essa turma dos Jardins, do Leblon, Lago Sul n\u00e3o representa o povo brasileiro\u201d, disse, citando bairros de classe m\u00e9dia de S\u00e3o Paulo, do Rio de Janeiro e de Bras\u00edlia, respectivamente.<\/p>\n<p>\u201cPara ter<em> impeachment<\/em> precisa ter crime de responsabilidade, e sabemos que, contra a presidenta, n\u00e3o h\u00e1 qualquer ind\u00edcio ou acusa\u00e7\u00e3o. N\u00f3s, dos movimentos sociais, falo pelos estudantes brasileiros, apoiamos a continuidade do seu mandato, porque damos valor \u00e0 democracia, \u00e0 legalidade, sabemos que nosso apoio n\u00e3o \u00e9 s\u00f3 pela legalidade e democracia\u201d, afirmou a presidenta da UNE.<\/p>\n<p>Miguel Rossetto considerou este um \u201cmomento singular na hist\u00f3ria da rela\u00e7\u00e3o\u00a0da presidenta com os movimentos sociais\u201d. \u201cO que os movimentos fizeram foi uma afirma\u00e7\u00e3o pela legalidade constitucional, pelo reconhecimento institucional. Expressaram imensa s\u00f3lida consci\u00eancia democr\u00e1tica\u201d, disse em entrevista \u00e0 imprensa ap\u00f3s o evento.<\/p>\n<figure class=\"default\"><img decoding=\"async\" loading=\"lazy\" class=\"Image img__fid__36660 img__view_mode__default attr__format__default imagem_post aligncenter\" title=\"\" src=\"http:\/\/agenciabrasil.ebc.com.br\/sites\/_agenciabrasil2013\/files\/styles\/interna_pequena\/public\/fotos\/971655-13082015-dsc_0633.jpg?itok=zI_yVs9X\" alt=\"O ministro-chefe da Secretaria-Geral da Presid\u00eancia da Rep\u00fablica, Miguel Rossetto, participa do evento Di\u00e1logo com os Movimentos Sociais, no Pal\u00e1cio do Planalto (Fabio Rodrigues Pozzebom\/Ag\u00eancia Brasil)\" width=\"277\" height=\"160\" \/><figcaption>O ministro-chefe da Secretaria-Geral da Presid\u00eancia da Rep\u00fablica, Miguel Rossetto, participa do evento Di\u00e1logo com os Movimentos Sociais, no Pal\u00e1cio do Planalto <span class=\"author\">Fabio Rodrigues Pozzebom\/Ag\u00eancia Brasil<\/span> <\/figcaption><\/figure>\n<p>O presidente da Central \u00danica dos Trabalhadores, Vagner Freitas, foi al\u00e9m em seu discurso. \u201cO que se vende hoje no Brasil \u00e9 a intoler\u00e2ncia, o preconceito de classe contra n\u00f3s. Somos defensores da unidade nacional, de um projeto nacional. Isso significa ir para as ruas, entrincheirados, com armas na m\u00e3o, se tentarem derrubar a presidenta Dilma. Qualquer atentado \u00e0 senhora ou ao ex-presidente Lula, n\u00f3s seremos o ex\u00e9rcito que vai enfrentar essa burguesia\u201d, declarou, sob aplausos.<\/p>\n<p>\u201cN\u00f3s vamos para o campo, vamos jogar porque aqui n\u00e3o falta artilheiro, temos disposi\u00e7\u00e3o para enfrentar essa batalha\u201d, acrescentou Adilson Ara\u00fajo, escolhido para falar em nome da Central dos Trabalhadores Brasileiros.<\/p>\n<p>As principais bandeiras dos movimentos sociais tamb\u00e9m foram defendidas com \u00eanfase e apoio dos presentes. Raimundo Bonfin, da Central de Movimentos Populares, disse que o governo \u201ctem de taxar as grandes fortunas e combater de forma dura a sonega\u00e7\u00e3o fiscal\u201d. \u201cOs coxinhas que v\u00e3o pra rua dizem que sonega\u00e7\u00e3o n\u00e3o \u00e9 corrup\u00e7\u00e3o. \u00c9 corrup\u00e7\u00e3o, sim, porque tira dinheiro dos programas sociais e do desenvolvimento econ\u00f4mico\u201d, afirmou.<\/p>\n<p>Bonfin disse tamb\u00e9m ser contr\u00e1rio a projetos que restringem as pol\u00edticas urbanas que alteram o car\u00e1ter universal do Sistema \u00danico de Sa\u00fade (SUS) e a favor da penaliza\u00e7\u00e3o das pessoas que tiraram dinheiro do pa\u00eds para investir no exterior. \u201cQueremos impulsionar a PEC [proposta de emenda \u00e0 Constitui\u00e7\u00e3o] da moradia digna. Tenha coragem de vetar projeto de lei do antiterrorismo. Tem um item que deixa brecha para criminalizar a atua\u00e7\u00e3o dos movimentos sociais. Quando houver depreda\u00e7\u00e3o ao patrim\u00f4nio publico, ser\u00e1 tipificado como crime\u201d, cobrou.<\/p>\n<p>\u201cA educa\u00e7\u00e3o deveria ser poupada do ajuste fiscal\u201d, pediu a presidenta da Uni\u00e3o Nacional dos Estudantes (UNE), Carina Vitral. \u201cQue n\u00e3o falte recursos especialmente para o Minha Casa, Minha Vida\u201d, disse o presidente da Confedera\u00e7\u00e3o Nacional dos Trabalhadores na Agricultura, Alberto Broch.<\/p>\n<p>A representante das mulheres pescadoras, Eleonice Sacramento, solicitou da presidenta Dilma a implementa\u00e7\u00e3o efetiva da pol\u00edtica nacional dos povos e comunidades tradicionais e que as pescadoras sejam consultadas antes da concretiza\u00e7\u00e3o dessas pol\u00edticas. \u201cN\u00f3s que apostamos no seu governo, na gest\u00e3o da presidenta Dilma, n\u00e3o em outros. Mas que votamos e acreditamos na senhora, n\u00e3o teremos vida para continuar defendendo o seu governo se nossos territ\u00f3rios n\u00e3o forem garantidos\u201d, disse.<\/p>\n<p>Em refer\u00eancia \u00e0s propostas apresentadas pelo presidente do Senado, Renan Calheiros (PMDB-AL), chamada de Agenda Brasil, para o crescimento econ\u00f4mico do pa\u00eds ap\u00f3s o ajuste fiscal, os movimentos tamb\u00e9m se manifestaram. Boulos disse que \u201ca \u00a0agenda do Brasil n\u00e3o \u00e9 a agenda do Renan\u201d. Segundo ele, \u201ca agenda do Brasil \u00e9 a agenda do povo, de distribui\u00e7\u00e3o de renda e reformas sociais\u201d. Durante o evento, por v\u00e1rias vezes, os representantes de movimentos sociais repetiam frases contra o presidente da C\u00e2mara dos Deputados e o ministro da Fazenda: \u201cFora j\u00e1, fora j\u00e1 daqui, o Eduardo Cunha junto com o [Joaquim] Levy\u201d.<\/p>\n<p>\u201cAgora tem lideran\u00e7as propondo agendas para o Brasil. N\u00f3s tamb\u00e9m queremos discutir uma agenda durante a crise, mas principalmente p\u00f3s-ajuste e p\u00f3s-crise econ\u00f4mica. O que queremos \u00e9 que voc\u00ea [Dilma] coloque o p\u00e9 no acelerador das mudan\u00e7as. Queremos que se posicione contra criminaliza\u00e7\u00e3o dos movimentos sociais\u201d, disse Carina Vitral, da UNE.<\/p>\n<p><strong>Vagner Freitas<\/strong><\/p>\n<p>Ap\u00f3s a reuni\u00e3o, o presidente da CUT foi procurado pela <strong>Ag\u00eancia Brasil<\/strong> para esclarecer o que quis dizer com &#8220;pegar em armas&#8221;. Segundo Vagner Freitas, em nenhum momento, a sua inten\u00e7\u00e3o foi a de indicar que a popula\u00e7\u00e3o deveria usar a &#8220;for\u00e7a b\u00e9lica&#8221; e sim a de que se promovam atos p\u00fablicos e greves no caso de atentados \u00e0 democracia.<\/p>\n<p>De acordo com o presidente da CUT, a declara\u00e7\u00e3o foi um &#8220;mal-entendido&#8221;, que &#8220;obviamente n\u00e3o estava incitando a viol\u00eancia&#8221; e que se referia \u00e0s &#8220;armas da democracia e ao debate de ideias&#8221; feito pela classe oper\u00e1ria. &#8220;Se sou contra a intoler\u00e2ncia da direita que n\u00e3o aceita vit\u00f3ria da presidenta, n\u00e3o seria eu a praticar uma intoler\u00e2ncia maior ainda&#8221;, disse.<\/p>\n<p><img decoding=\"async\" loading=\"lazy\" class=\"alignnone size-full wp-image-38965\" src=\"http:\/\/blitzconquista.com.br\/wp-content\/uploads\/2015\/08\/agencia_brasil_logo.png\" alt=\"agencia_brasil_logo\" width=\"150\" height=\"35\" \/><\/p>\n","protected":false},"excerpt":{"rendered":"<p>Representantes de dezenas de movimentos sociais se reuniram hoje (13), em Bras\u00edlia, para apoiar a presidenta Dilma Rousseff. Eles se posicionaram contra qualquer proposta de fim do mandato presidencial antes de 2018 e reafirmaram suas demandas contra as consequ\u00eancias do ajuste fiscal nos programas sociais. Por mais de uma hora, a presidenta ouviu os representantes [&hellip;]<\/p>\n","protected":false},"author":1,"featured_media":39230,"comment_status":"open","ping_status":"closed","sticky":false,"template":"","format":"standard","meta":[],"categories":[5],"tags":[],"_links":{"self":[{"href":"http:\/\/blitzconquista.com.br\/index.php?rest_route=\/wp\/v2\/posts\/39229"}],"collection":[{"href":"http:\/\/blitzconquista.com.br\/index.php?rest_route=\/wp\/v2\/posts"}],"about":[{"href":"http:\/\/blitzconquista.com.br\/index.php?rest_route=\/wp\/v2\/types\/post"}],"author":[{"embeddable":true,"href":"http:\/\/blitzconquista.com.br\/index.php?rest_route=\/wp\/v2\/users\/1"}],"replies":[{"embeddable":true,"href":"http:\/\/blitzconquista.com.br\/index.php?rest_route=%2Fwp%2Fv2%2Fcomments&post=39229"}],"version-history":[{"count":0,"href":"http:\/\/blitzconquista.com.br\/index.php?rest_route=\/wp\/v2\/posts\/39229\/revisions"}],"wp:featuredmedia":[{"embeddable":true,"href":"http:\/\/blitzconquista.com.br\/index.php?rest_route=\/wp\/v2\/media\/39230"}],"wp:attachment":[{"href":"http:\/\/blitzconquista.com.br\/index.php?rest_route=%2Fwp%2Fv2%2Fmedia&parent=39229"}],"wp:term":[{"taxonomy":"category","embeddable":true,"href":"http:\/\/blitzconquista.com.br\/index.php?rest_route=%2Fwp%2Fv2%2Fcategories&post=39229"},{"taxonomy":"post_tag","embeddable":true,"href":"http:\/\/blitzconquista.com.br\/index.php?rest_route=%2Fwp%2Fv2%2Ftags&post=39229"}],"curies":[{"name":"wp","href":"https:\/\/api.w.org\/{rel}","templated":true}]}}