{"id":39305,"date":"2015-08-15T14:50:21","date_gmt":"2015-08-15T17:50:21","guid":{"rendered":"http:\/\/blitzconquista.com.br\/?p=39305"},"modified":"2015-08-15T14:50:21","modified_gmt":"2015-08-15T17:50:21","slug":"moradores-do-bruno-bacelar-recebem-acao-social-na-proxima-segunda17","status":"publish","type":"post","link":"http:\/\/blitzconquista.com.br\/?p=39305","title":{"rendered":"Moradores do Bruno Bacelar recebem a\u00e7\u00e3o social na pr\u00f3xima segunda(17)"},"content":{"rendered":"<p>Moradores do Bruno Bacelar ter\u00e3o uma manh\u00e3 para cuidar de seus cabelos. O Centro de Refer\u00eancia de Assist\u00eancia Social (Cras), ligado \u00e0 Secretaria Municipal de Desenvolvimento Social, em parceria com o Instituto Embelleze, oferece corte de cabelo gratuito na pr\u00f3xima segunda-feira, 17. A a\u00e7\u00e3o se estende aos moradores dos demais bairros do territ\u00f3rio de abrang\u00eancia do Cras. Os interessados podem comparecer na sede do Cras Bruno Bacelar \u2013 Rua 1, n\u00b0 100 \u2013 das 8h \u00e0s 11h, onde ser\u00e3o atendidos por uma equipe do instituto. O Centro de Refer\u00eancia de Assist\u00eancia Social (Cras I) atende fam\u00edlias em situa\u00e7\u00e3o de vulnerabilidade e risco social do Bruno Bacelar, Pombal, Ana Carolina, Nenzinha Santos, Itapo\u00e3, Ubaldino Figueira, Santa Cruz e Urbis II, III e V, por meio da oferta de servi\u00e7os como: acolhimento e escuta, acompanhamento familiar, orienta\u00e7\u00e3o e encaminhamento para rede socioassistencial, grupos de conviv\u00eancia e fortalecimento de v\u00ednculos, visita familiar, palestras socioeducativas, entre outros.<\/p>\n","protected":false},"excerpt":{"rendered":"<p>Moradores do Bruno Bacelar ter\u00e3o uma manh\u00e3 para cuidar de seus cabelos. O Centro de Refer\u00eancia de Assist\u00eancia Social (Cras), ligado \u00e0 Secretaria Municipal de Desenvolvimento Social, em parceria com o Instituto Embelleze, oferece corte de cabelo gratuito na pr\u00f3xima segunda-feira, 17. A a\u00e7\u00e3o se estende aos moradores dos demais bairros do territ\u00f3rio de abrang\u00eancia [&hellip;]<\/p>\n","protected":false},"author":1,"featured_media":39306,"comment_status":"open","ping_status":"closed","sticky":false,"template":"","format":"standard","meta":[],"categories":[4],"tags":[],"_links":{"self":[{"href":"http:\/\/blitzconquista.com.br\/index.php?rest_route=\/wp\/v2\/posts\/39305"}],"collection":[{"href":"http:\/\/blitzconquista.com.br\/index.php?rest_route=\/wp\/v2\/posts"}],"about":[{"href":"http:\/\/blitzconquista.com.br\/index.php?rest_route=\/wp\/v2\/types\/post"}],"author":[{"embeddable":true,"href":"http:\/\/blitzconquista.com.br\/index.php?rest_route=\/wp\/v2\/users\/1"}],"replies":[{"embeddable":true,"href":"http:\/\/blitzconquista.com.br\/index.php?rest_route=%2Fwp%2Fv2%2Fcomments&post=39305"}],"version-history":[{"count":0,"href":"http:\/\/blitzconquista.com.br\/index.php?rest_route=\/wp\/v2\/posts\/39305\/revisions"}],"wp:featuredmedia":[{"embeddable":true,"href":"http:\/\/blitzconquista.com.br\/index.php?rest_route=\/wp\/v2\/media\/39306"}],"wp:attachment":[{"href":"http:\/\/blitzconquista.com.br\/index.php?rest_route=%2Fwp%2Fv2%2Fmedia&parent=39305"}],"wp:term":[{"taxonomy":"category","embeddable":true,"href":"http:\/\/blitzconquista.com.br\/index.php?rest_route=%2Fwp%2Fv2%2Fcategories&post=39305"},{"taxonomy":"post_tag","embeddable":true,"href":"http:\/\/blitzconquista.com.br\/index.php?rest_route=%2Fwp%2Fv2%2Ftags&post=39305"}],"curies":[{"name":"wp","href":"https:\/\/api.w.org\/{rel}","templated":true}]}}