{"id":39310,"date":"2015-08-15T14:57:02","date_gmt":"2015-08-15T17:57:02","guid":{"rendered":"http:\/\/blitzconquista.com.br\/?p=39310"},"modified":"2015-08-15T14:57:02","modified_gmt":"2015-08-15T17:57:02","slug":"vendas-a-prazo-no-comercio-despencam-em-julho","status":"publish","type":"post","link":"http:\/\/blitzconquista.com.br\/?p=39310","title":{"rendered":"Vendas a prazo no com\u00e9rcio despencam, em julho"},"content":{"rendered":"<p>As vendas a prazo despencaram quase 3,3 por cento no com\u00e9rcio, no m\u00eas de julho, na compara\u00e7\u00e3o com o mesmo per\u00edodo de 2014.<\/p>\n<p>\u00c9 o que diz balan\u00e7o do Servi\u00e7o de Prote\u00e7\u00e3o ao Cr\u00e9dito, o SPC, em parceria com a CNDL, entidade que re\u00fane os lojistas. Foi a sexta queda consecutiva no indicador. J\u00e1 na compara\u00e7\u00e3o com junho, as vendas aumentaram 3,2 por cento.<\/p>\n<p>Para os respons\u00e1veis pela pesquisa, por\u00e9m, isso n\u00e3o quer dizer muita coisa.<\/p>\n<p>Eles avaliam que o momento \u00e9 complicado, com tend\u00eancia de queda, e que o movimento ruim no com\u00e9rcio \u00e9 consequ\u00eancia de alguns fatores.<\/p>\n<p>Entre eles a redu\u00e7\u00e3o do emprego e um aumento consider\u00e1vel do custo de vida do cidad\u00e3o. Sem falar que os juros subiram e as compras a prazo est\u00e3o cada vez mais caras.<\/p>\n<p>No acumulado do ano, at\u00e9 agora, as vendas ca\u00edram 2,73 por cento.<\/p>\n","protected":false},"excerpt":{"rendered":"<p>As vendas a prazo despencaram quase 3,3 por cento no com\u00e9rcio, no m\u00eas de julho, na compara\u00e7\u00e3o com o mesmo per\u00edodo de 2014. \u00c9 o que diz balan\u00e7o do Servi\u00e7o de Prote\u00e7\u00e3o ao Cr\u00e9dito, o SPC, em parceria com a CNDL, entidade que re\u00fane os lojistas. Foi a sexta queda consecutiva no indicador. J\u00e1 na [&hellip;]<\/p>\n","protected":false},"author":1,"featured_media":39311,"comment_status":"open","ping_status":"closed","sticky":false,"template":"","format":"standard","meta":[],"categories":[4],"tags":[],"_links":{"self":[{"href":"http:\/\/blitzconquista.com.br\/index.php?rest_route=\/wp\/v2\/posts\/39310"}],"collection":[{"href":"http:\/\/blitzconquista.com.br\/index.php?rest_route=\/wp\/v2\/posts"}],"about":[{"href":"http:\/\/blitzconquista.com.br\/index.php?rest_route=\/wp\/v2\/types\/post"}],"author":[{"embeddable":true,"href":"http:\/\/blitzconquista.com.br\/index.php?rest_route=\/wp\/v2\/users\/1"}],"replies":[{"embeddable":true,"href":"http:\/\/blitzconquista.com.br\/index.php?rest_route=%2Fwp%2Fv2%2Fcomments&post=39310"}],"version-history":[{"count":0,"href":"http:\/\/blitzconquista.com.br\/index.php?rest_route=\/wp\/v2\/posts\/39310\/revisions"}],"wp:featuredmedia":[{"embeddable":true,"href":"http:\/\/blitzconquista.com.br\/index.php?rest_route=\/wp\/v2\/media\/39311"}],"wp:attachment":[{"href":"http:\/\/blitzconquista.com.br\/index.php?rest_route=%2Fwp%2Fv2%2Fmedia&parent=39310"}],"wp:term":[{"taxonomy":"category","embeddable":true,"href":"http:\/\/blitzconquista.com.br\/index.php?rest_route=%2Fwp%2Fv2%2Fcategories&post=39310"},{"taxonomy":"post_tag","embeddable":true,"href":"http:\/\/blitzconquista.com.br\/index.php?rest_route=%2Fwp%2Fv2%2Ftags&post=39310"}],"curies":[{"name":"wp","href":"https:\/\/api.w.org\/{rel}","templated":true}]}}