{"id":39319,"date":"2015-08-15T15:24:34","date_gmt":"2015-08-15T18:24:34","guid":{"rendered":"http:\/\/blitzconquista.com.br\/?p=39319"},"modified":"2015-08-15T15:24:34","modified_gmt":"2015-08-15T18:24:34","slug":"ex-atacante-do-galicia-desabafa-conseguimos-o-acesso-e-ate-hoje-nao-me-pagaram","status":"publish","type":"post","link":"http:\/\/blitzconquista.com.br\/?p=39319","title":{"rendered":"Ex-atacante do Gal\u00edcia desabafa: &#8216;Conseguimos o acesso e at\u00e9 hoje n\u00e3o me pagaram&#8217;"},"content":{"rendered":"<p>O Gal\u00edcia passou 14 anos fora da elite do futebol baiano. O retorno aconteceu em 2013 e com t\u00edtulo, quando faturou a Segunda Divis\u00e3o estadual. O atacante Alem\u00e3o Williams, que fez parte do time que subiu e terminou como artilheiro com seis gols marcados, lembra-se do clube azulino com alegria e tristeza ao mesmo tempo. \u00a0O entusiasmo \u00e9 por ter ajudado a conquistar o acesso , ap\u00f3s uma longa fila. J\u00e1 o dissabor, segundo ele, \u00e9 pela falta de pagamento do seus vencimentos. \u201cFiz parte de um time maravilhoso, onde fui artilheiro. Todos estavam unidos em colocar o Gal\u00edcia na Primeira Divis\u00e3o. Um clube de tradi\u00e7\u00e3o, que n\u00e3o merecia estar fora da elite. Me identifiquei bastante com o Gal\u00edcia e fiquei feliz com o objetivo conquistado. Mas o problema \u00e9 a diretoria. Conseguimos acesso e at\u00e9 hoje n\u00e3o me pagaram\u201d, disse o atleta, em entrevista ao Bahia Not\u00edcias. De acordo com Alem\u00e3o, o sal\u00e1rio dele foi fechado por partidas disputadas. \u201cS\u00e3o cinco jogos que me devem. Um da primeira fase, dois jogos da semifinal e dois da final. Mesmo assim, todos foram para os jogos e cumprimos nossa parte. Mas depois nunca mais deram not\u00edcia. Liguei insistentemente para Dario Rego [presidente do clube] e ele n\u00e3o me atendia de jeito nenhum. Mudei o n\u00famero, quando ele descobriu que era eu me bloqueou at\u00e9 no WhatsApp. Isso \u00e9 um absurdo. Nem uma satisfa\u00e7\u00e3o ele me deu\u201d, esbravejou. O Bahia Not\u00edcias tentou o contato com mandat\u00e1rio do clube azulino, \u00a0para comentar o assunto, mas assim como Alem\u00e3o, n\u00e3o obteve sucesso. Atualmente, o atleta de 30 anos defende o Alto Santo-CE. Ele ainda acumula passagens pelo Sport, Am\u00e9rica-RN, Petrolina-PE, Serrano, \u00a0Crato-CE, Flamengo de Guanambi e Salgueiro-PE. *Fonte: Bahia Not\u00edcias<\/p>\n","protected":false},"excerpt":{"rendered":"<p>O Gal\u00edcia passou 14 anos fora da elite do futebol baiano. O retorno aconteceu em 2013 e com t\u00edtulo, quando faturou a Segunda Divis\u00e3o estadual. O atacante Alem\u00e3o Williams, que fez parte do time que subiu e terminou como artilheiro com seis gols marcados, lembra-se do clube azulino com alegria e tristeza ao mesmo tempo. [&hellip;]<\/p>\n","protected":false},"author":1,"featured_media":39320,"comment_status":"open","ping_status":"closed","sticky":false,"template":"","format":"standard","meta":[],"categories":[1],"tags":[],"_links":{"self":[{"href":"http:\/\/blitzconquista.com.br\/index.php?rest_route=\/wp\/v2\/posts\/39319"}],"collection":[{"href":"http:\/\/blitzconquista.com.br\/index.php?rest_route=\/wp\/v2\/posts"}],"about":[{"href":"http:\/\/blitzconquista.com.br\/index.php?rest_route=\/wp\/v2\/types\/post"}],"author":[{"embeddable":true,"href":"http:\/\/blitzconquista.com.br\/index.php?rest_route=\/wp\/v2\/users\/1"}],"replies":[{"embeddable":true,"href":"http:\/\/blitzconquista.com.br\/index.php?rest_route=%2Fwp%2Fv2%2Fcomments&post=39319"}],"version-history":[{"count":0,"href":"http:\/\/blitzconquista.com.br\/index.php?rest_route=\/wp\/v2\/posts\/39319\/revisions"}],"wp:featuredmedia":[{"embeddable":true,"href":"http:\/\/blitzconquista.com.br\/index.php?rest_route=\/wp\/v2\/media\/39320"}],"wp:attachment":[{"href":"http:\/\/blitzconquista.com.br\/index.php?rest_route=%2Fwp%2Fv2%2Fmedia&parent=39319"}],"wp:term":[{"taxonomy":"category","embeddable":true,"href":"http:\/\/blitzconquista.com.br\/index.php?rest_route=%2Fwp%2Fv2%2Fcategories&post=39319"},{"taxonomy":"post_tag","embeddable":true,"href":"http:\/\/blitzconquista.com.br\/index.php?rest_route=%2Fwp%2Fv2%2Ftags&post=39319"}],"curies":[{"name":"wp","href":"https:\/\/api.w.org\/{rel}","templated":true}]}}