{"id":39322,"date":"2015-08-15T15:28:05","date_gmt":"2015-08-15T18:28:05","guid":{"rendered":"http:\/\/blitzconquista.com.br\/?p=39322"},"modified":"2015-08-15T15:28:05","modified_gmt":"2015-08-15T18:28:05","slug":"defensoria-publica-promove-campanha-de-doacao-de-livros-para-educandos-do-novo-olhar-e-na-varanda","status":"publish","type":"post","link":"http:\/\/blitzconquista.com.br\/?p=39322","title":{"rendered":"Defensoria P\u00fablica promove campanha de doa\u00e7\u00e3o de livros para educandos do Novo Olhar e Na Varanda"},"content":{"rendered":"<div id=\"stcpDiv\">\n<p><strong>Qualquer pessoa pode participar, doando um livro liter\u00e1rio; as entregas podem ser feitas na sala da Defensoria, no Centro Integrado dos Direitos da Crian\u00e7a e do Adolescente<\/strong><\/p>\n<p>Com os objetivos de facilitar e tornar mais eficazes as gest\u00f5es de car\u00e1ter educacional e pedag\u00f3gico dos programas Novo Olhar, desenvolvido pela Prefeitura Municipal, e Na Varanda, desenvolvido pelo Governo do Estado, a 2\u00aa Defensoria da Inf\u00e2ncia e Juventude, de Vit\u00f3ria da Conquista, promove o projeto \u201cDoe um livro e escreva uma nova hist\u00f3ria\u201d. O projeto consiste em arrecadar o maior n\u00famero de livros para que, at\u00e9 outubro, possam ser doados a essas institui\u00e7\u00f5es.<\/p>\n<p>Qualquer pessoa pode participar, doando um livro liter\u00e1rio. As entregas est\u00e3o sendo feitas na sala da Defensoria P\u00fablica no Centro Integrado da Crian\u00e7a e do Adolescente, das 8h \u00e0s 12h e das 14h \u00e0s 18h. O centro est\u00e1 localizado na Avenida 10 de novembro, s\/n, Candeias (antigo Col\u00e9gio Dirlene Mendon\u00e7a).<\/p>\n<p>Os livros doados v\u00e3o compor a biblioteca das duas unidades e integrar\u00e3o atividades pedag\u00f3gicas \u2013 oficinas, grupos de leituras, escrita, entre outros. A previs\u00e3o \u00e9 de que todos os livros arrecadados sejam doados aos projetos no dia 12 de outubro. *Secom<\/p>\n<\/div>\n","protected":false},"excerpt":{"rendered":"<p>Qualquer pessoa pode participar, doando um livro liter\u00e1rio; as entregas podem ser feitas na sala da Defensoria, no Centro Integrado dos Direitos da Crian\u00e7a e do Adolescente Com os objetivos de facilitar e tornar mais eficazes as gest\u00f5es de car\u00e1ter educacional e pedag\u00f3gico dos programas Novo Olhar, desenvolvido pela Prefeitura Municipal, e Na Varanda, desenvolvido [&hellip;]<\/p>\n","protected":false},"author":1,"featured_media":39323,"comment_status":"open","ping_status":"closed","sticky":false,"template":"","format":"standard","meta":[],"categories":[4],"tags":[],"_links":{"self":[{"href":"http:\/\/blitzconquista.com.br\/index.php?rest_route=\/wp\/v2\/posts\/39322"}],"collection":[{"href":"http:\/\/blitzconquista.com.br\/index.php?rest_route=\/wp\/v2\/posts"}],"about":[{"href":"http:\/\/blitzconquista.com.br\/index.php?rest_route=\/wp\/v2\/types\/post"}],"author":[{"embeddable":true,"href":"http:\/\/blitzconquista.com.br\/index.php?rest_route=\/wp\/v2\/users\/1"}],"replies":[{"embeddable":true,"href":"http:\/\/blitzconquista.com.br\/index.php?rest_route=%2Fwp%2Fv2%2Fcomments&post=39322"}],"version-history":[{"count":0,"href":"http:\/\/blitzconquista.com.br\/index.php?rest_route=\/wp\/v2\/posts\/39322\/revisions"}],"wp:featuredmedia":[{"embeddable":true,"href":"http:\/\/blitzconquista.com.br\/index.php?rest_route=\/wp\/v2\/media\/39323"}],"wp:attachment":[{"href":"http:\/\/blitzconquista.com.br\/index.php?rest_route=%2Fwp%2Fv2%2Fmedia&parent=39322"}],"wp:term":[{"taxonomy":"category","embeddable":true,"href":"http:\/\/blitzconquista.com.br\/index.php?rest_route=%2Fwp%2Fv2%2Fcategories&post=39322"},{"taxonomy":"post_tag","embeddable":true,"href":"http:\/\/blitzconquista.com.br\/index.php?rest_route=%2Fwp%2Fv2%2Ftags&post=39322"}],"curies":[{"name":"wp","href":"https:\/\/api.w.org\/{rel}","templated":true}]}}