{"id":39381,"date":"2015-08-16T23:57:48","date_gmt":"2015-08-17T02:57:48","guid":{"rendered":"http:\/\/blitzconquista.com.br\/?p=39381"},"modified":"2015-08-17T00:05:36","modified_gmt":"2015-08-17T03:05:36","slug":"manifestacoes-pelo-pais-ocorreram-sem-incidentes","status":"publish","type":"post","link":"http:\/\/blitzconquista.com.br\/?p=39381","title":{"rendered":"Manifesta\u00e7\u00f5es pelo pa\u00eds ocorreram sem incidentes"},"content":{"rendered":"<p>As manifesta\u00e7\u00f5es contra o governo federal que ocorreram em v\u00e1rias capitais neste domingo (16) n\u00e3o tiveram registro de incidentes graves. Os atos ocorreram com tranquilidade e reuniram pessoas que foram \u00e0s ruas com camisetas da Sele\u00e7\u00e3o Brasileira, cartazes com diversos pleitos e bandeiras do Brasil.<\/p>\n<p>Embora todos os manifestantes pedissem a sa\u00edda da presidenta, a forma como isso poderia ocorrer dividiu os movimentos. Um deles, por exemplo, a Uni\u00e3o Nacionalista Democr\u00e1tica defendia a interven\u00e7\u00e3o militar. J\u00e1 o porta-voz do movimento Vem pra Rua, Rogerio Chequer, pregava o impeachment imediatamente, como consequ\u00eancia das den\u00fancias ora sob an\u00e1lise do Tribunal de Contas da Uni\u00e3o, que \u201ccaracteriza a\u00e7\u00f5es que configuram crime de responsabilidade\u201d.<\/p>\n<p>Sobre den\u00fancias de corrup\u00e7\u00e3o contra outras figuras pol\u00edticas, o Vem pra Rua &#8220;exige investiga\u00e7\u00e3o de todos que t\u00eam ind\u00edcio de participa\u00e7\u00e3o nos esquemas de corrup\u00e7\u00e3o\u201d. \u201cOs presidentes da C\u00e2mara e do Senado j\u00e1 est\u00e3o mencionados em atos que exigem investiga\u00e7\u00e3o\u201d, disse o porta-voz.<\/p>\n<p><img decoding=\"async\" loading=\"lazy\" class=\"alignnone size-full wp-image-38965\" src=\"http:\/\/blitzconquista.com.br\/wp-content\/uploads\/2015\/08\/agencia_brasil_logo.png\" alt=\"agencia_brasil_logo\" width=\"150\" height=\"35\" \/><\/p>\n","protected":false},"excerpt":{"rendered":"<p>As manifesta\u00e7\u00f5es contra o governo federal que ocorreram em v\u00e1rias capitais neste domingo (16) n\u00e3o tiveram registro de incidentes graves. Os atos ocorreram com tranquilidade e reuniram pessoas que foram \u00e0s ruas com camisetas da Sele\u00e7\u00e3o Brasileira, cartazes com diversos pleitos e bandeiras do Brasil. Embora todos os manifestantes pedissem a sa\u00edda da presidenta, a [&hellip;]<\/p>\n","protected":false},"author":1,"featured_media":39382,"comment_status":"open","ping_status":"closed","sticky":false,"template":"","format":"standard","meta":[],"categories":[5],"tags":[],"_links":{"self":[{"href":"http:\/\/blitzconquista.com.br\/index.php?rest_route=\/wp\/v2\/posts\/39381"}],"collection":[{"href":"http:\/\/blitzconquista.com.br\/index.php?rest_route=\/wp\/v2\/posts"}],"about":[{"href":"http:\/\/blitzconquista.com.br\/index.php?rest_route=\/wp\/v2\/types\/post"}],"author":[{"embeddable":true,"href":"http:\/\/blitzconquista.com.br\/index.php?rest_route=\/wp\/v2\/users\/1"}],"replies":[{"embeddable":true,"href":"http:\/\/blitzconquista.com.br\/index.php?rest_route=%2Fwp%2Fv2%2Fcomments&post=39381"}],"version-history":[{"count":0,"href":"http:\/\/blitzconquista.com.br\/index.php?rest_route=\/wp\/v2\/posts\/39381\/revisions"}],"wp:featuredmedia":[{"embeddable":true,"href":"http:\/\/blitzconquista.com.br\/index.php?rest_route=\/wp\/v2\/media\/39382"}],"wp:attachment":[{"href":"http:\/\/blitzconquista.com.br\/index.php?rest_route=%2Fwp%2Fv2%2Fmedia&parent=39381"}],"wp:term":[{"taxonomy":"category","embeddable":true,"href":"http:\/\/blitzconquista.com.br\/index.php?rest_route=%2Fwp%2Fv2%2Fcategories&post=39381"},{"taxonomy":"post_tag","embeddable":true,"href":"http:\/\/blitzconquista.com.br\/index.php?rest_route=%2Fwp%2Fv2%2Ftags&post=39381"}],"curies":[{"name":"wp","href":"https:\/\/api.w.org\/{rel}","templated":true}]}}