{"id":39443,"date":"2015-08-19T00:26:21","date_gmt":"2015-08-19T03:26:21","guid":{"rendered":"http:\/\/blitzconquista.com.br\/?p=39443"},"modified":"2015-08-19T01:27:57","modified_gmt":"2015-08-19T04:27:57","slug":"herzem-gusmao-quer-parcelar-ipva-em-dez-vezes","status":"publish","type":"post","link":"http:\/\/blitzconquista.com.br\/?p=39443","title":{"rendered":"Herzem Gusm\u00e3o quer parcelar IPVA em dez vezes"},"content":{"rendered":"<p class=\"ecxMsoNormal\">Dois em cada tr\u00eas ve\u00edculos na Bahia est\u00e3o circulando com licenciamento vencido. A manchete de um jornal baiano motivou o pronunciamento do deputado estadual Herzem Gusm\u00e3o (PMDB), na Assembleia Legislativa. Durante o discurso, o parlamentar falou do Projeto de Lei de sua autoria, protocolado no \u00faltimo dia 26 de maio, que estabelece o parcelamento de dez vezes no valor do IPVA.<\/p>\n<p class=\"ecxMsoNormal\">\u201cQuando cheguei \u00e0 Assembleia Legislativa, demonstrei minha preocupa\u00e7\u00e3o n\u00e3o s\u00f3 com o IPVA, mas com outros impostos que recaem sobre a propriedade de um ve\u00edculo. Fiz tamb\u00e9m um apelo para o secret\u00e1rio da Fazenda, Manuel Vit\u00f3rio, para que o governo tomasse a iniciativa do parlamento, mas sinto que dificilmente um Projeto de Lei de um deputado da oposi\u00e7\u00e3o vai caminhar. Acho que \u00e9 uma preocupa\u00e7\u00e3o se aquele deputado vai ter cr\u00e9dito, caso seja aprovado, mas quem precisa ser beneficiada \u00e9 a popula\u00e7\u00e3o baiana\u201d, disse o peemedebista.<\/p>\n<p class=\"ecxMsoNormal\">\u201cPraticamente ningu\u00e9m falou mais nada ap\u00f3s ter comentado sobre o Projeto de Lei, mas ontem a mat\u00e9ria da Tribuna da Bahia deu for\u00e7as para o que venho pleiteando na Assembleia Legislativa. De posse do jornal, fiz um pronunciamento e entreguei um exemplar com as informa\u00e7\u00f5es para o Deputado Z\u00e9 Neto, que se mostrou sensibilizado. Esse \u00e9 o caminho\u201d, declarou Herzem Gusm\u00e3o.<\/p>\n<p class=\"ecxMsoNormal\">*Publicado no blog NildoFreitas.com<\/p>\n","protected":false},"excerpt":{"rendered":"<p>Dois em cada tr\u00eas ve\u00edculos na Bahia est\u00e3o circulando com licenciamento vencido. A manchete de um jornal baiano motivou o pronunciamento do deputado estadual Herzem Gusm\u00e3o (PMDB), na Assembleia Legislativa. Durante o discurso, o parlamentar falou do Projeto de Lei de sua autoria, protocolado no \u00faltimo dia 26 de maio, que estabelece o parcelamento de [&hellip;]<\/p>\n","protected":false},"author":1,"featured_media":39444,"comment_status":"open","ping_status":"closed","sticky":false,"template":"","format":"standard","meta":[],"categories":[5],"tags":[],"_links":{"self":[{"href":"http:\/\/blitzconquista.com.br\/index.php?rest_route=\/wp\/v2\/posts\/39443"}],"collection":[{"href":"http:\/\/blitzconquista.com.br\/index.php?rest_route=\/wp\/v2\/posts"}],"about":[{"href":"http:\/\/blitzconquista.com.br\/index.php?rest_route=\/wp\/v2\/types\/post"}],"author":[{"embeddable":true,"href":"http:\/\/blitzconquista.com.br\/index.php?rest_route=\/wp\/v2\/users\/1"}],"replies":[{"embeddable":true,"href":"http:\/\/blitzconquista.com.br\/index.php?rest_route=%2Fwp%2Fv2%2Fcomments&post=39443"}],"version-history":[{"count":0,"href":"http:\/\/blitzconquista.com.br\/index.php?rest_route=\/wp\/v2\/posts\/39443\/revisions"}],"wp:featuredmedia":[{"embeddable":true,"href":"http:\/\/blitzconquista.com.br\/index.php?rest_route=\/wp\/v2\/media\/39444"}],"wp:attachment":[{"href":"http:\/\/blitzconquista.com.br\/index.php?rest_route=%2Fwp%2Fv2%2Fmedia&parent=39443"}],"wp:term":[{"taxonomy":"category","embeddable":true,"href":"http:\/\/blitzconquista.com.br\/index.php?rest_route=%2Fwp%2Fv2%2Fcategories&post=39443"},{"taxonomy":"post_tag","embeddable":true,"href":"http:\/\/blitzconquista.com.br\/index.php?rest_route=%2Fwp%2Fv2%2Ftags&post=39443"}],"curies":[{"name":"wp","href":"https:\/\/api.w.org\/{rel}","templated":true}]}}