{"id":39449,"date":"2015-08-21T00:23:09","date_gmt":"2015-08-21T03:23:09","guid":{"rendered":"http:\/\/blitzconquista.com.br\/?p=39449"},"modified":"2015-08-21T00:23:09","modified_gmt":"2015-08-21T03:23:09","slug":"pc-prende-suspeito-que-comercializava-e-plantava-maconha-no-bairro-candeias","status":"publish","type":"post","link":"http:\/\/blitzconquista.com.br\/?p=39449","title":{"rendered":"PC prende suspeito que comercializava e plantava maconha no bairro Candeias"},"content":{"rendered":"<p>Investigadores da DRFR \u2013 Delegacia de Repress\u00e3o a Furtos e Roubos de Vit\u00f3ria da Conquista prenderam em flagrante T\u00falio Moreira Botelho, 48 anos, por suspeita de tr\u00e1fico de drogas.<\/p>\n<p><img decoding=\"async\" loading=\"lazy\" class=\"size-full wp-image-39456 aligncenter\" src=\"http:\/\/blitzconquista.com.br\/wp-content\/uploads\/2015\/08\/20150819203445.jpg\" alt=\"20150819203445\" width=\"680\" height=\"176\" srcset=\"http:\/\/blitzconquista.com.br\/wp-content\/uploads\/2015\/08\/20150819203445.jpg 680w, http:\/\/blitzconquista.com.br\/wp-content\/uploads\/2015\/08\/20150819203445-300x77.jpg 300w\" sizes=\"(max-width: 680px) 100vw, 680px\" \/><\/p>\n<p>Depois de v\u00e1rios dias de investiga\u00e7\u00e3o, nesta quarta-feira, 19, os investigadores chegaram at\u00e9 uma resid\u00eancia no bairro Candeias, pr\u00f3ximo a AABB, onde T\u00falio foi abordado e no interior do im\u00f3vel encontrado mais de 1 kg de maconha, balan\u00e7a de precis\u00e3o, material para embalar a droga, al\u00e9m de sementes e p\u00e9s de maconha, que eram cultivados no quintal da casa.<\/p>\n<p><img decoding=\"async\" loading=\"lazy\" class=\"alignnone size-full wp-image-39457\" src=\"http:\/\/blitzconquista.com.br\/wp-content\/uploads\/2015\/08\/wertwertwetr1.jpg\" alt=\"wertwertwetr\" width=\"681\" height=\"360\" srcset=\"http:\/\/blitzconquista.com.br\/wp-content\/uploads\/2015\/08\/wertwertwetr1.jpg 681w, http:\/\/blitzconquista.com.br\/wp-content\/uploads\/2015\/08\/wertwertwetr1-300x158.jpg 300w, http:\/\/blitzconquista.com.br\/wp-content\/uploads\/2015\/08\/wertwertwetr1-680x359.jpg 680w\" sizes=\"(max-width: 681px) 100vw, 681px\" \/><\/p>\n<p>Tales foi apresentado ao plant\u00e3o central da Pol\u00edcia Civil, que o autuou em flagrante pelo crime de tr\u00e1fico e encaminhado ao pres\u00eddio Nilton Gon\u00e7alves.<\/p>\n","protected":false},"excerpt":{"rendered":"<p>Investigadores da DRFR \u2013 Delegacia de Repress\u00e3o a Furtos e Roubos de Vit\u00f3ria da Conquista prenderam em flagrante T\u00falio Moreira Botelho, 48 anos, por suspeita de tr\u00e1fico de drogas. Depois de v\u00e1rios dias de investiga\u00e7\u00e3o, nesta quarta-feira, 19, os investigadores chegaram at\u00e9 uma resid\u00eancia no bairro Candeias, pr\u00f3ximo a AABB, onde T\u00falio foi abordado e [&hellip;]<\/p>\n","protected":false},"author":1,"featured_media":39460,"comment_status":"open","ping_status":"closed","sticky":false,"template":"","format":"standard","meta":[],"categories":[1,3],"tags":[],"_links":{"self":[{"href":"http:\/\/blitzconquista.com.br\/index.php?rest_route=\/wp\/v2\/posts\/39449"}],"collection":[{"href":"http:\/\/blitzconquista.com.br\/index.php?rest_route=\/wp\/v2\/posts"}],"about":[{"href":"http:\/\/blitzconquista.com.br\/index.php?rest_route=\/wp\/v2\/types\/post"}],"author":[{"embeddable":true,"href":"http:\/\/blitzconquista.com.br\/index.php?rest_route=\/wp\/v2\/users\/1"}],"replies":[{"embeddable":true,"href":"http:\/\/blitzconquista.com.br\/index.php?rest_route=%2Fwp%2Fv2%2Fcomments&post=39449"}],"version-history":[{"count":0,"href":"http:\/\/blitzconquista.com.br\/index.php?rest_route=\/wp\/v2\/posts\/39449\/revisions"}],"wp:featuredmedia":[{"embeddable":true,"href":"http:\/\/blitzconquista.com.br\/index.php?rest_route=\/wp\/v2\/media\/39460"}],"wp:attachment":[{"href":"http:\/\/blitzconquista.com.br\/index.php?rest_route=%2Fwp%2Fv2%2Fmedia&parent=39449"}],"wp:term":[{"taxonomy":"category","embeddable":true,"href":"http:\/\/blitzconquista.com.br\/index.php?rest_route=%2Fwp%2Fv2%2Fcategories&post=39449"},{"taxonomy":"post_tag","embeddable":true,"href":"http:\/\/blitzconquista.com.br\/index.php?rest_route=%2Fwp%2Fv2%2Ftags&post=39449"}],"curies":[{"name":"wp","href":"https:\/\/api.w.org\/{rel}","templated":true}]}}