{"id":39500,"date":"2015-08-21T01:10:39","date_gmt":"2015-08-21T04:10:39","guid":{"rendered":"http:\/\/blitzconquista.com.br\/?p=39500"},"modified":"2015-08-21T01:29:27","modified_gmt":"2015-08-21T04:29:27","slug":"apos-derrota-para-o-vasco-cristovao-borges-nao-e-mais-tecnico-do-fla","status":"publish","type":"post","link":"http:\/\/blitzconquista.com.br\/?p=39500","title":{"rendered":"Ap\u00f3s derrota para o Vasco, Crist\u00f3v\u00e3o Borges n\u00e3o \u00e9 mais t\u00e9cnico do Fla"},"content":{"rendered":"<p>Com campanha irregular e o 13\u00ba lugar no Campeonato Brasileiro, <span class=\"semantica-autolink-topico-tip\">Crist\u00f3v\u00e3o Borges<\/span> n\u00e3o resistiu \u00e0 derrota por 1 a 0 para o Vasco pela Copa do Brasil e est\u00e1 fora do Flamengo. O treinador, que nunca foi unanimidade no clube e estava na berlinda, saiu de casa para reuni\u00e3o com a diretoria rubro-negra decidido a pedir demiss\u00e3o. Do outro lado, membros do Conselho Gestor tamb\u00e9m concordavam que o melhor era dispens\u00e1-lo. Ap\u00f3s o encontro, as partes chegaram a um denominador comum e decidiram pelo rompimento. O clube confirmou a sa\u00edda em nota oficial. O nome de Oswaldo de Oliveira, que est\u00e1 livre no mercado, \u00e9 o mais cotado para o cargo.<\/p>\n<div id=\"773315ed-d2b1-fcb0-8850-d482277312af\" class=\"foto componente-conteudo\" style=\"width: 690px;\"><strong>Crist\u00f3v\u00e3o Borges esteve \u00e0 frente do Flamengo em 18 jogos (Foto: Andr\u00e9 Mour\u00e3o\/Ag\u00eancia O Dia\/Estad\u00e3o Conte\u00fado)<\/strong><\/div>\n<p>Crist\u00f3v\u00e3o tinha alto \u00edndice de rejei\u00e7\u00e3o da torcida do Flamengo e vinha enfrentando resist\u00eancia desde a sua chegada.\u00a0O t\u00e9cnico ouvia vaias, xingamentos e gritos de \u201cburro\u201d em praticamente todas as partidas do time. As principais cr\u00edticas por parte das arquibancadas se davam pelo fato de ele mexer pouco no time mesmo quando estava perdendo &#8211; em rar\u00edssimas oportunidades fez uso das tr\u00eas substitui\u00e7\u00f5es -, por conta da escala\u00e7\u00e3o de tr\u00eas volantes &#8211; o que n\u00e3o aconteceu nos \u00faltimos jogos &#8211; e pelos problemas t\u00e1ticos da equipe: faltava cria\u00e7\u00e3o e liga\u00e7\u00e3o entre meio-campo e ataque, e a defesa continuava cometendo erros graves em bolas a\u00e9reas e na marca\u00e7\u00e3o.<\/p>\n<p><strong>Jogadores pegos de surpresa com a sa\u00edda<\/strong><\/p>\n<p>Questionado desde o primeiro jogo, Crist\u00f3v\u00e3o viveu a gangorra do Fla durante todo o tempo em que esteve no comando e mais desceu do que subiu. At\u00e9 o elenco sentiu inc\u00f4modo com a instabilidade do treinador. Capit\u00e3o do time, o zagueiro Wallace chegou a conversar com o presidente Eduardo Bandeira de Mello para tentar entender o que se passava. Pouco depois, o mesmo Wallace e Emerson Sheik, um de seus maiores defensores, concederam entrevista coletiva juntos no Ninho do Urubu e manifestaram apoio ao comandante, que conta com a admira\u00e7\u00e3o do grupo. Os jogadores rubro-negros gostam do m\u00e9todo de trabalho do treinador e foram pegos de surpresa com a not\u00edcia da sa\u00edda na manh\u00e3 desta quinta.<\/p>\n<p>A implic\u00e2ncia das arquibancadas com Crist\u00f3v\u00e3o tamb\u00e9m tinha outros motivos, al\u00e9m dos maus resultados. Muitos torcedores acreditam que, por ele ser de uma safra mais recente de treinadores e n\u00e3o ter ainda um curr\u00edculo vitorioso no futebol, n\u00e3o tenha o perfil para estar \u00e0 frente do Flamengo. Al\u00e9m disso, o t\u00e9cnico tem um estilo bem calmo de comandar, enquanto a maioria da torcida se identifica com um perfil mais en\u00e9rgico.<\/p>\n<p><strong>Presidente discutiu com torcedores em defesa de Crist\u00f3v\u00e3o<\/strong><\/p>\n<p>Dentro da diretoria ele tamb\u00e9m nunca foi unanimidade. O diretor executivo Rodrigo Caetano e o presidente Bandeira eram seus principais defensores, mas havia membros do Conselho Gestor &#8211; que gere o futebol do Fla &#8211; que h\u00e1 tempos gostariam de ver o fim do ciclo de Crist\u00f3v\u00e3o no clube. Irritado com os xingamentos ao treinador e os pedidos para demiti-lo, Bandeira at\u00e9 discutiu com alguns torcedores na \u00e1rea de camarotes do Maracan\u00e3 ap\u00f3s o rev\u00e9s para o Vasco. E n\u00e3o foi a primeira vez que ele fez isso. Ap\u00f3s a derrota em casa por 3 a 0 para o Corinthians no Brasileir\u00e3o, o presidente deixou o est\u00e1dio dizendo que as vaias a Crist\u00f3v\u00e3o eram uma covardia.<\/p>\n<p>Aos 56 anos, Crist\u00f3v\u00e3o, que acertou com o Fla ap\u00f3s a demiss\u00e3o de Vanderlei Luxemburgo, comandou o time em 18 partidas, somando oito vit\u00f3rias, um empate e nove derrotas.<\/p>\n<p><strong>Confira nota oficial divulgada pelo Flamengo na tarde desta quinta-feira:<\/strong><\/p>\n<p><em>&#8220;Crist\u00f3v\u00e3o Borges n\u00e3o \u00e9 mais o t\u00e9cnico do Clube de Regatas do Flamengo. A decis\u00e3o foi tomada em comum acordo entre o treinador e o comando do futebol rubro-negro, em reuni\u00e3o na manh\u00e3 desta quinta-feira.<br \/>\n<\/em>\u00a0<em><br \/>\nO Clube de Regatas do Flamengo lamenta a sa\u00edda de Crist\u00f3v\u00e3o, embora reconhe\u00e7a que os resultados n\u00e3o tenham sido aqueles esperados, o que n\u00e3o pode ser atribu\u00eddo exclusivamente a ele.<br \/>\n<\/em>\u00a0<em><br \/>\nDurante o per\u00edodo em que esteve \u00e0 frente do Flamengo, Crist\u00f3v\u00e3o Borges sempre atuou alinhado com a filosofia de gest\u00e3o profissional do clube, fazendo uso de pr\u00e1ticas modernas e atualizadas de treinamento, que ficam como legado no Departamento de Futebol.<br \/>\n<\/em>\u00a0<em><br \/>\nO Clube de Regatas do Flamengo deseja a Crist\u00f3v\u00e3o Borges, profissional honesto, \u00e9tico e correto, muito sucesso na continua\u00e7\u00e3o de sua carreira&#8221;.<\/em><\/p>\n<p>*Globo Esportes<\/p>\n<p>&nbsp;<\/p>\n<p>&nbsp;<\/p>\n","protected":false},"excerpt":{"rendered":"<p>Com campanha irregular e o 13\u00ba lugar no Campeonato Brasileiro, Crist\u00f3v\u00e3o Borges n\u00e3o resistiu \u00e0 derrota por 1 a 0 para o Vasco pela Copa do Brasil e est\u00e1 fora do Flamengo. O treinador, que nunca foi unanimidade no clube e estava na berlinda, saiu de casa para reuni\u00e3o com a diretoria rubro-negra decidido a [&hellip;]<\/p>\n","protected":false},"author":1,"featured_media":39501,"comment_status":"open","ping_status":"closed","sticky":false,"template":"","format":"standard","meta":[],"categories":[1],"tags":[],"_links":{"self":[{"href":"http:\/\/blitzconquista.com.br\/index.php?rest_route=\/wp\/v2\/posts\/39500"}],"collection":[{"href":"http:\/\/blitzconquista.com.br\/index.php?rest_route=\/wp\/v2\/posts"}],"about":[{"href":"http:\/\/blitzconquista.com.br\/index.php?rest_route=\/wp\/v2\/types\/post"}],"author":[{"embeddable":true,"href":"http:\/\/blitzconquista.com.br\/index.php?rest_route=\/wp\/v2\/users\/1"}],"replies":[{"embeddable":true,"href":"http:\/\/blitzconquista.com.br\/index.php?rest_route=%2Fwp%2Fv2%2Fcomments&post=39500"}],"version-history":[{"count":0,"href":"http:\/\/blitzconquista.com.br\/index.php?rest_route=\/wp\/v2\/posts\/39500\/revisions"}],"wp:featuredmedia":[{"embeddable":true,"href":"http:\/\/blitzconquista.com.br\/index.php?rest_route=\/wp\/v2\/media\/39501"}],"wp:attachment":[{"href":"http:\/\/blitzconquista.com.br\/index.php?rest_route=%2Fwp%2Fv2%2Fmedia&parent=39500"}],"wp:term":[{"taxonomy":"category","embeddable":true,"href":"http:\/\/blitzconquista.com.br\/index.php?rest_route=%2Fwp%2Fv2%2Fcategories&post=39500"},{"taxonomy":"post_tag","embeddable":true,"href":"http:\/\/blitzconquista.com.br\/index.php?rest_route=%2Fwp%2Fv2%2Ftags&post=39500"}],"curies":[{"name":"wp","href":"https:\/\/api.w.org\/{rel}","templated":true}]}}