{"id":39544,"date":"2015-08-25T13:49:09","date_gmt":"2015-08-25T16:49:09","guid":{"rendered":"http:\/\/blitzconquista.com.br\/?p=39544"},"modified":"2015-08-25T13:49:09","modified_gmt":"2015-08-25T16:49:09","slug":"renan-diz-que-corte-de-ministerios-e-um-grande-exemplo-para-ajuste-fiscal","status":"publish","type":"post","link":"http:\/\/blitzconquista.com.br\/?p=39544","title":{"rendered":"Renan diz que corte de minist\u00e9rios \u00e9 um grande exemplo para ajuste fiscal"},"content":{"rendered":"<p>O presidente do Senado, Renan Calheiros (PMDB-AL), avaliou como positivo o an\u00fancio feito pelo ministro do Planejamento, Nelson Barbosa, ontem (24) de que o governo<a href=\"http:\/\/agenciabrasil.ebc.com.br\/politica\/noticia\/2015-08\/governo-anuncia-corte-de-dez-ministerios%20para%20enxugar%20os%20gastos%20do%20governo.\" target=\"_blank\"> vai cortar dez minist\u00e9rios e mil cargos de confian\u00e7a<\/a>. &#8220;Eu acho que \u00e9 uma boa iniciativa da presidenta [Dilma Rousseff], acho que isso poderia ter sido feito l\u00e1 atr\u00e1s&#8221;, disse.&#8221;Acho que esse \u00e9 um grande exemplo para que se possa fazer o ajuste fiscal&#8221;, completou.<\/p>\n<p>O presidente do Senado comentou ainda a sa\u00edda do vice-presidente da Rep\u00fablica, Michel Temer, <a href=\"http:\/\/agenciabrasil.ebc.com.br\/politica\/noticia\/2015-08\/michel-temer-deixa-o-dia-dia-da-articulacao-politica-do-governo\" target=\"_blank\">do dia a dia da articula\u00e7\u00e3o pol\u00edtica<\/a> do Executivo. Pelo menos at\u00e9 1\u00b0 de setembro, a tarefa ficar\u00e1 sob responsabilidade do ministro da Secretaria de Avia\u00e7\u00e3o Civil, Eliseu Padilha.<\/p>\n<figure class=\"default\"><img decoding=\"async\" loading=\"lazy\" class=\"Image img__fid__36956 img__view_mode__default attr__format__default imagem_post aligncenter\" title=\"\" src=\"http:\/\/agenciabrasil.ebc.com.br\/sites\/_agenciabrasil2013\/files\/styles\/interna_pequena\/public\/fotos\/972349-19-08-2015_3672.jpg?itok=Dksun7uF\" alt=\"O presidente do Senado, Renan Calheiros, durante apresenta\u00e7\u00e3o no Plen\u00e1rio do parecer do senador Eun\u00edcio Oliveira sobre desonera\u00e7\u00e3o da folha de pagamento das empresas (Fabio Rodrigues Pozzebom\/Ag\u00eancia Brasil)\" width=\"277\" height=\"160\" \/><figcaption>O presidente do Senado, Renan Calheiros, disse que decis\u00e3o do governo de reduzir minist\u00e9rios \u00e9 exemplo para ajuste fiscal<span class=\"author\">Fabio Rodrigues Pozzebom\/Ag\u00eancia Brasil<\/span><\/p>\n<\/figcaption><\/figure>\n<p>&#8220;[Michel Temer] tem uma grande contribui\u00e7\u00e3o a dar ao pa\u00eds como presidente do partido, como vice-presidente da Rep\u00fablica ele tem o nosso apoio para cumprir o papel que lhe possa ser eventualmente cobrado&#8221;, disse Renan.<\/p>\n<p><strong>Janot<\/strong><\/p>\n<p>Sobre a sabatina do procurador-geral da Rep\u00fablica, Rodrigo Janot,\u00a0 indicado pela presidenta Dilma Rousseff, para ser reconduzido ao comando do Minist\u00e9rio P\u00fablico da Uni\u00e3o, Renan disse que n\u00e3o acredita em surpresas quanto ao resultado da vota\u00e7\u00e3o, apesar de na Comiss\u00e3o de Constitui\u00e7\u00e3o e Justi\u00e7a (CCJ) nove parlamentares serem investigados pela Opera\u00e7\u00e3o Lava Jato, comandada por Janot. A sabatina est\u00e1 marcada para esta quarta-feira (26) \u00e0s 10h na CCJ.<\/p>\n<p>Caso ele seja aprovado, o presidente do Senado reafirmou o compromisso de submeter o nome de Janot \u00e0 vota\u00e7\u00e3o no plen\u00e1rio da Casa amanh\u00e3 mesmo. &#8220;A maior demonstra\u00e7\u00e3o que o Senado pode dar de isen\u00e7\u00e3o neste caso, \u00e9 fazer uma aprecia\u00e7\u00e3o da indica\u00e7\u00e3o com respeito, com normalidade. Uma coisa muito boa no Brasil \u00e9 que as institui\u00e7\u00f5es est\u00e3o funcionando, eu acho que isso \u00e9 que tem ser apoiado&#8221;, afirmou.<\/p>\n","protected":false},"excerpt":{"rendered":"<p>O presidente do Senado, Renan Calheiros (PMDB-AL), avaliou como positivo o an\u00fancio feito pelo ministro do Planejamento, Nelson Barbosa, ontem (24) de que o governo vai cortar dez minist\u00e9rios e mil cargos de confian\u00e7a. &#8220;Eu acho que \u00e9 uma boa iniciativa da presidenta [Dilma Rousseff], acho que isso poderia ter sido feito l\u00e1 atr\u00e1s&#8221;, disse.&#8221;Acho [&hellip;]<\/p>\n","protected":false},"author":1,"featured_media":39545,"comment_status":"open","ping_status":"closed","sticky":false,"template":"","format":"standard","meta":[],"categories":[1],"tags":[],"_links":{"self":[{"href":"http:\/\/blitzconquista.com.br\/index.php?rest_route=\/wp\/v2\/posts\/39544"}],"collection":[{"href":"http:\/\/blitzconquista.com.br\/index.php?rest_route=\/wp\/v2\/posts"}],"about":[{"href":"http:\/\/blitzconquista.com.br\/index.php?rest_route=\/wp\/v2\/types\/post"}],"author":[{"embeddable":true,"href":"http:\/\/blitzconquista.com.br\/index.php?rest_route=\/wp\/v2\/users\/1"}],"replies":[{"embeddable":true,"href":"http:\/\/blitzconquista.com.br\/index.php?rest_route=%2Fwp%2Fv2%2Fcomments&post=39544"}],"version-history":[{"count":0,"href":"http:\/\/blitzconquista.com.br\/index.php?rest_route=\/wp\/v2\/posts\/39544\/revisions"}],"wp:featuredmedia":[{"embeddable":true,"href":"http:\/\/blitzconquista.com.br\/index.php?rest_route=\/wp\/v2\/media\/39545"}],"wp:attachment":[{"href":"http:\/\/blitzconquista.com.br\/index.php?rest_route=%2Fwp%2Fv2%2Fmedia&parent=39544"}],"wp:term":[{"taxonomy":"category","embeddable":true,"href":"http:\/\/blitzconquista.com.br\/index.php?rest_route=%2Fwp%2Fv2%2Fcategories&post=39544"},{"taxonomy":"post_tag","embeddable":true,"href":"http:\/\/blitzconquista.com.br\/index.php?rest_route=%2Fwp%2Fv2%2Ftags&post=39544"}],"curies":[{"name":"wp","href":"https:\/\/api.w.org\/{rel}","templated":true}]}}