{"id":39644,"date":"2015-08-27T00:39:24","date_gmt":"2015-08-27T03:39:24","guid":{"rendered":"http:\/\/blitzconquista.com.br\/?p=39644"},"modified":"2015-08-27T00:39:24","modified_gmt":"2015-08-27T03:39:24","slug":"campanha-de-vacinacao-contra-a-paralisia-infantil-segue-ate-o-dia-31-de-agosto","status":"publish","type":"post","link":"http:\/\/blitzconquista.com.br\/?p=39644","title":{"rendered":"Campanha de vacina\u00e7\u00e3o contra a paralisia infantil segue at\u00e9 o dia 31 de agosto"},"content":{"rendered":"<p><strong>At\u00e9 o dia 24 de agosto, foram vacinadas 11.052 crian\u00e7as, ou seja,\u00a048% do p\u00fablico-alvo<\/strong><\/p>\n<p style=\"text-align: justify;\">Acontece, at\u00e9 o dia 31 de agosto,\u00a0a campanha nacional de vacina\u00e7\u00e3o contra a paralisia infantil. A meta \u00e9 vacinar 95% do total de 22.735 crian\u00e7as maiores de seis meses e menores de cinco anos, em Vit\u00f3ria da Conquista.<\/p>\n<p style=\"text-align: justify;\">At\u00e9 o dia 24 de agosto, foram vacinadas 11.052 crian\u00e7as \u2013 ou seja,\u00a048% do p\u00fablico-alvo. Al\u00e9m de proteger a crian\u00e7a contra a paralisia infantil, os profissionais das unidades de sa\u00fade est\u00e3o realizando a atualiza\u00e7\u00e3o de vacinas pendentes nas cadernetas de vacina\u00e7\u00e3o.<\/p>\n<p style=\"text-align: justify;\">Os pais e respons\u00e1veis que ainda n\u00e3o levaram seus filhos para receberem a vacina, devem procurar a unidade de sa\u00fade mais pr\u00f3xima de sua resid\u00eancia, das 8h \u00e0s 12h e das 14h \u00e0s 17h, com o cat\u00e3o de vacina\u00e7\u00e3o em m\u00e3os.<\/p>\n<p><a href=\"http:\/\/www.pmvc.ba.gov.br\/v2\/wp-content\/uploads\/11866392_1061849303833685_1269235257723587011_n.png\" rel=\"shadowbox\"><img decoding=\"async\" loading=\"lazy\" class=\"aligncenter size-medium wp-image-95831\" title=\"11866392_1061849303833685_1269235257723587011_n\" src=\"http:\/\/www.pmvc.ba.gov.br\/v2\/wp-content\/uploads\/11866392_1061849303833685_1269235257723587011_n-398x399.png\" alt=\"\" width=\"398\" height=\"399\" \/><\/a><\/p>\n","protected":false},"excerpt":{"rendered":"<p>At\u00e9 o dia 24 de agosto, foram vacinadas 11.052 crian\u00e7as, ou seja,\u00a048% do p\u00fablico-alvo Acontece, at\u00e9 o dia 31 de agosto,\u00a0a campanha nacional de vacina\u00e7\u00e3o contra a paralisia infantil. A meta \u00e9 vacinar 95% do total de 22.735 crian\u00e7as maiores de seis meses e menores de cinco anos, em Vit\u00f3ria da Conquista. At\u00e9 o dia [&hellip;]<\/p>\n","protected":false},"author":1,"featured_media":39645,"comment_status":"open","ping_status":"closed","sticky":false,"template":"","format":"standard","meta":[],"categories":[212,30],"tags":[],"_links":{"self":[{"href":"http:\/\/blitzconquista.com.br\/index.php?rest_route=\/wp\/v2\/posts\/39644"}],"collection":[{"href":"http:\/\/blitzconquista.com.br\/index.php?rest_route=\/wp\/v2\/posts"}],"about":[{"href":"http:\/\/blitzconquista.com.br\/index.php?rest_route=\/wp\/v2\/types\/post"}],"author":[{"embeddable":true,"href":"http:\/\/blitzconquista.com.br\/index.php?rest_route=\/wp\/v2\/users\/1"}],"replies":[{"embeddable":true,"href":"http:\/\/blitzconquista.com.br\/index.php?rest_route=%2Fwp%2Fv2%2Fcomments&post=39644"}],"version-history":[{"count":0,"href":"http:\/\/blitzconquista.com.br\/index.php?rest_route=\/wp\/v2\/posts\/39644\/revisions"}],"wp:featuredmedia":[{"embeddable":true,"href":"http:\/\/blitzconquista.com.br\/index.php?rest_route=\/wp\/v2\/media\/39645"}],"wp:attachment":[{"href":"http:\/\/blitzconquista.com.br\/index.php?rest_route=%2Fwp%2Fv2%2Fmedia&parent=39644"}],"wp:term":[{"taxonomy":"category","embeddable":true,"href":"http:\/\/blitzconquista.com.br\/index.php?rest_route=%2Fwp%2Fv2%2Fcategories&post=39644"},{"taxonomy":"post_tag","embeddable":true,"href":"http:\/\/blitzconquista.com.br\/index.php?rest_route=%2Fwp%2Fv2%2Ftags&post=39644"}],"curies":[{"name":"wp","href":"https:\/\/api.w.org\/{rel}","templated":true}]}}