{"id":39660,"date":"2015-08-27T01:07:02","date_gmt":"2015-08-27T04:07:02","guid":{"rendered":"http:\/\/blitzconquista.com.br\/?p=39660"},"modified":"2015-08-27T01:07:02","modified_gmt":"2015-08-27T04:07:02","slug":"pancadaria-entre-torcidas-de-fla-e-vasco-deixa-feridos-na-entrada-do-maracana","status":"publish","type":"post","link":"http:\/\/blitzconquista.com.br\/?p=39660","title":{"rendered":"Pancadaria entre torcidas de Fla e Vasco deixa feridos na entrada do Maracan\u00e3"},"content":{"rendered":"<p>Momentos antes do in\u00edcio do cl\u00e1ssico entre Vasco e Flamengo, torcedores das duas equipes provocaram cenas de pancadaria nas imedia\u00e7\u00f5es do est\u00e1dio, resultando at\u00e9 em feridos. Parte de vasca\u00ednos descia a rampa do metr\u00f4 pela entrada da Uerj do est\u00e1dio.<\/p>\n<p>Quando deixavam o local em dire\u00e7\u00e3o \u00e0 rua Eurico Rabelo, alguns rubro-negros que estavam em uma fila para entrar no est\u00e1dio atiraram objetos, como latas, em dire\u00e7\u00e3o ao grupo. Irritados, os vasca\u00ednos retornaram e pancadaria come\u00e7ou.<\/p>\n<p>No corre-corre pessoas foram agredidas, como um ambulante, que teve de ser socorridos por guardas que participavam do policiamento do est\u00e1dio. Ele ficou ensaguentado diante da viol\u00eancia e foi isolado pelos policiais para n\u00e3o sofrer mais agress\u00f5es. O n\u00famero de detidos n\u00e3o foi confirmado pela pol\u00edcia, que agiu no local para evitar danos maiores.<\/p>\n<div class=\"postfigure videoplayer\">\n<figure class=\"video-player-widget\">\n<div id=\"player-538688_wrapper\" style=\"position: relative; display: inline-block; width: 100%; height: auto;\">\n<div id=\"player-538688_jwpsrv\" style=\"position: absolute; top: 0px; z-index: 11;\">\n<div class=\"afs_ads\" style=\"width: 1px; height: 1px; position: absolute; background: transparent none repeat scroll 0% 0%;\"><\/div>\n<\/div>\n<\/div>\n<div class=\"_videoplayer-thumb\">\n<figure style=\"width: 622px\" class=\"wp-caption alignnone\"><img decoding=\"async\" loading=\"lazy\" src=\"http:\/\/cdn.espn.com.br\/thumb\/622_0e020589-b149-3f9c-8676-ff1dfd56d22b.jpg\" alt=\"622 0e020589 b149 3f9c 8676 ff1dfd56d22b\" width=\"622\" height=\"350\" \/><figcaption class=\"wp-caption-text\">Ap\u00f3s levar chap\u00e9u, Par\u00e1 d\u00e1 tapa no rosto de Nen\u00ea e acaba expulso<\/figcaption><\/figure>\n<\/div><figcaption class=\"video-caption\"> <\/figcaption><\/figure>\n<\/div>\n","protected":false},"excerpt":{"rendered":"<p>Momentos antes do in\u00edcio do cl\u00e1ssico entre Vasco e Flamengo, torcedores das duas equipes provocaram cenas de pancadaria nas imedia\u00e7\u00f5es do est\u00e1dio, resultando at\u00e9 em feridos. Parte de vasca\u00ednos descia a rampa do metr\u00f4 pela entrada da Uerj do est\u00e1dio. Quando deixavam o local em dire\u00e7\u00e3o \u00e0 rua Eurico Rabelo, alguns rubro-negros que estavam em [&hellip;]<\/p>\n","protected":false},"author":1,"featured_media":39661,"comment_status":"open","ping_status":"closed","sticky":false,"template":"","format":"standard","meta":[],"categories":[212],"tags":[],"_links":{"self":[{"href":"http:\/\/blitzconquista.com.br\/index.php?rest_route=\/wp\/v2\/posts\/39660"}],"collection":[{"href":"http:\/\/blitzconquista.com.br\/index.php?rest_route=\/wp\/v2\/posts"}],"about":[{"href":"http:\/\/blitzconquista.com.br\/index.php?rest_route=\/wp\/v2\/types\/post"}],"author":[{"embeddable":true,"href":"http:\/\/blitzconquista.com.br\/index.php?rest_route=\/wp\/v2\/users\/1"}],"replies":[{"embeddable":true,"href":"http:\/\/blitzconquista.com.br\/index.php?rest_route=%2Fwp%2Fv2%2Fcomments&post=39660"}],"version-history":[{"count":0,"href":"http:\/\/blitzconquista.com.br\/index.php?rest_route=\/wp\/v2\/posts\/39660\/revisions"}],"wp:featuredmedia":[{"embeddable":true,"href":"http:\/\/blitzconquista.com.br\/index.php?rest_route=\/wp\/v2\/media\/39661"}],"wp:attachment":[{"href":"http:\/\/blitzconquista.com.br\/index.php?rest_route=%2Fwp%2Fv2%2Fmedia&parent=39660"}],"wp:term":[{"taxonomy":"category","embeddable":true,"href":"http:\/\/blitzconquista.com.br\/index.php?rest_route=%2Fwp%2Fv2%2Fcategories&post=39660"},{"taxonomy":"post_tag","embeddable":true,"href":"http:\/\/blitzconquista.com.br\/index.php?rest_route=%2Fwp%2Fv2%2Ftags&post=39660"}],"curies":[{"name":"wp","href":"https:\/\/api.w.org\/{rel}","templated":true}]}}