{"id":39667,"date":"2015-08-27T01:18:50","date_gmt":"2015-08-27T04:18:50","guid":{"rendered":"http:\/\/blitzconquista.com.br\/?p=39667"},"modified":"2015-08-27T01:18:50","modified_gmt":"2015-08-27T04:18:50","slug":"selecao-da-educacao-prefeitura-divulga-o-resultado-preliminar-da-2a-etapa-provas-praticas","status":"publish","type":"post","link":"http:\/\/blitzconquista.com.br\/?p=39667","title":{"rendered":"Sele\u00e7\u00e3o da Educa\u00e7\u00e3o: Prefeitura divulga o resultado preliminar da 2\u00aa etapa (provas pr\u00e1ticas)"},"content":{"rendered":"<p>A Prefeitura de Vit\u00f3ria da Conquista, por meio das secretarias municipais de Administra\u00e7\u00e3o e Educa\u00e7\u00e3o, torna p\u00fablico o resultado preliminar da 2\u00aa etapa da Sele\u00e7\u00e3o P\u00fablica Simplificada, aberta pelo Edital n\u00ba 01\/2015. O processo seletivo visa a contrata\u00e7\u00e3o, por tempo determinado, de agente de servi\u00e7os especiais (fun\u00e7\u00e3o cuidador), t\u00e9cnico administrativo (fun\u00e7\u00e3o int\u00e9rprete de libras), professor substituto do Ensino Fundamental I, professor substituto do Ensino Fundamental II, instrutor do Programa Escola Mais e pedagogo do Programa Mais Educa\u00e7\u00e3o (fun\u00e7\u00e3o coordenador).<\/p>\n<p style=\"text-align: justify;\">O candidato que se julgar prejudicado com o resultado preliminar da 2\u00aa etapa (provas pr\u00e1ticas) ter\u00e1 o prazo de um dia \u00fatil, contado da data da divulga\u00e7\u00e3o do edital abaixo, para apresentar recurso, na Coordena\u00e7\u00e3o de Gest\u00e3o de Pessoas (Recursos Humanos) da Secretaria Municipal da Educa\u00e7\u00e3o, localizada \u00e0 Avenida Siqueira Campos, n\u00ba 1842 \u2013 Vila Emurc, no hor\u00e1rio das 9h \u00e0s 12h e de 14h \u00e0s 17h.<\/p>\n<p><strong>Confira:<\/strong><\/p>\n<p><strong><a href=\"http:\/\/www.pmvc.ba.gov.br\/v2\/wp-content\/uploads\/4.Edital-resultados-preliminares-da-2%C2%AA-etapa-provas-pr%C3%A1ticas.pdf\">Edital de Divulga\u00e7\u00e3o<\/a>\u00a0<\/strong>&#8211; <strong>Resultado preliminar da 2\u00aa etapa (provas pr\u00e1ticas)<\/strong><\/p>\n<p><strong><a href=\"http:\/\/www.pmvc.ba.gov.br\/v2\/wp-content\/uploads\/Resultado-Preliminar-da-Prova-Pr%C3%A1tica-1.pdf\">Resultado Preliminar<\/a><\/strong>\u00a0&#8211; <strong>Prova pr\u00e1tica<\/strong><\/p>\n","protected":false},"excerpt":{"rendered":"<p>A Prefeitura de Vit\u00f3ria da Conquista, por meio das secretarias municipais de Administra\u00e7\u00e3o e Educa\u00e7\u00e3o, torna p\u00fablico o resultado preliminar da 2\u00aa etapa da Sele\u00e7\u00e3o P\u00fablica Simplificada, aberta pelo Edital n\u00ba 01\/2015. O processo seletivo visa a contrata\u00e7\u00e3o, por tempo determinado, de agente de servi\u00e7os especiais (fun\u00e7\u00e3o cuidador), t\u00e9cnico administrativo (fun\u00e7\u00e3o int\u00e9rprete de libras), professor [&hellip;]<\/p>\n","protected":false},"author":1,"featured_media":39668,"comment_status":"open","ping_status":"closed","sticky":false,"template":"","format":"standard","meta":[],"categories":[4],"tags":[],"_links":{"self":[{"href":"http:\/\/blitzconquista.com.br\/index.php?rest_route=\/wp\/v2\/posts\/39667"}],"collection":[{"href":"http:\/\/blitzconquista.com.br\/index.php?rest_route=\/wp\/v2\/posts"}],"about":[{"href":"http:\/\/blitzconquista.com.br\/index.php?rest_route=\/wp\/v2\/types\/post"}],"author":[{"embeddable":true,"href":"http:\/\/blitzconquista.com.br\/index.php?rest_route=\/wp\/v2\/users\/1"}],"replies":[{"embeddable":true,"href":"http:\/\/blitzconquista.com.br\/index.php?rest_route=%2Fwp%2Fv2%2Fcomments&post=39667"}],"version-history":[{"count":0,"href":"http:\/\/blitzconquista.com.br\/index.php?rest_route=\/wp\/v2\/posts\/39667\/revisions"}],"wp:featuredmedia":[{"embeddable":true,"href":"http:\/\/blitzconquista.com.br\/index.php?rest_route=\/wp\/v2\/media\/39668"}],"wp:attachment":[{"href":"http:\/\/blitzconquista.com.br\/index.php?rest_route=%2Fwp%2Fv2%2Fmedia&parent=39667"}],"wp:term":[{"taxonomy":"category","embeddable":true,"href":"http:\/\/blitzconquista.com.br\/index.php?rest_route=%2Fwp%2Fv2%2Fcategories&post=39667"},{"taxonomy":"post_tag","embeddable":true,"href":"http:\/\/blitzconquista.com.br\/index.php?rest_route=%2Fwp%2Fv2%2Ftags&post=39667"}],"curies":[{"name":"wp","href":"https:\/\/api.w.org\/{rel}","templated":true}]}}