{"id":39692,"date":"2015-08-27T13:04:50","date_gmt":"2015-08-27T16:04:50","guid":{"rendered":"http:\/\/blitzconquista.com.br\/?p=39692"},"modified":"2015-08-27T13:04:50","modified_gmt":"2015-08-27T16:04:50","slug":"aeroporto-de-vitoria-da-conquista-fecha-por-mau-tempo-e-atrasa-voos","status":"publish","type":"post","link":"http:\/\/blitzconquista.com.br\/?p=39692","title":{"rendered":"Aeroporto de Vit\u00f3ria da Conquista fecha por mau tempo e atrasa voos"},"content":{"rendered":"<p>O Aeroporto Pedro Otac\u00edlio Figueiredo, localizado em Vit\u00f3ria da Conquista, no sudoeste do estado, ficou fechado durante uma hora devido ao mau tempo no in\u00edcio da manh\u00e3 desta quinta-feira (27). O embarque e desembarque ficaram suspensos. Os voos previstos foram atrasados.<br \/>\nO voo 2783 da Azul Linhas A\u00e9reas, com sa\u00edda do Aeroporto Internacional de Salvador para Conquista, previsto para as 7h22, foi remarcado para as 10h35. De acordo com uma passageira do voo, a companhia a\u00e9rea anunciou por volta das 6h50 que o terminal de Conquista estava fechado por quest\u00f5es clim\u00e1ticas. Os passageiros do voo formam uma fila grande para fazer a remarca\u00e7\u00e3o do voo.<\/p>\n<p>O terminal possui voos di\u00e1rios diretos para Salvador, S\u00e3o Paulo, Belo Horizonte e outros destinos. O espa\u00e7o opera 73 voos regulares por semana, registrando m\u00e9dia 150 viagens por m\u00eas. *G1<\/p>\n","protected":false},"excerpt":{"rendered":"<p>O Aeroporto Pedro Otac\u00edlio Figueiredo, localizado em Vit\u00f3ria da Conquista, no sudoeste do estado, ficou fechado durante uma hora devido ao mau tempo no in\u00edcio da manh\u00e3 desta quinta-feira (27). O embarque e desembarque ficaram suspensos. Os voos previstos foram atrasados. O voo 2783 da Azul Linhas A\u00e9reas, com sa\u00edda do Aeroporto Internacional de Salvador [&hellip;]<\/p>\n","protected":false},"author":1,"featured_media":39693,"comment_status":"open","ping_status":"closed","sticky":false,"template":"","format":"standard","meta":[],"categories":[4,212],"tags":[],"_links":{"self":[{"href":"http:\/\/blitzconquista.com.br\/index.php?rest_route=\/wp\/v2\/posts\/39692"}],"collection":[{"href":"http:\/\/blitzconquista.com.br\/index.php?rest_route=\/wp\/v2\/posts"}],"about":[{"href":"http:\/\/blitzconquista.com.br\/index.php?rest_route=\/wp\/v2\/types\/post"}],"author":[{"embeddable":true,"href":"http:\/\/blitzconquista.com.br\/index.php?rest_route=\/wp\/v2\/users\/1"}],"replies":[{"embeddable":true,"href":"http:\/\/blitzconquista.com.br\/index.php?rest_route=%2Fwp%2Fv2%2Fcomments&post=39692"}],"version-history":[{"count":0,"href":"http:\/\/blitzconquista.com.br\/index.php?rest_route=\/wp\/v2\/posts\/39692\/revisions"}],"wp:featuredmedia":[{"embeddable":true,"href":"http:\/\/blitzconquista.com.br\/index.php?rest_route=\/wp\/v2\/media\/39693"}],"wp:attachment":[{"href":"http:\/\/blitzconquista.com.br\/index.php?rest_route=%2Fwp%2Fv2%2Fmedia&parent=39692"}],"wp:term":[{"taxonomy":"category","embeddable":true,"href":"http:\/\/blitzconquista.com.br\/index.php?rest_route=%2Fwp%2Fv2%2Fcategories&post=39692"},{"taxonomy":"post_tag","embeddable":true,"href":"http:\/\/blitzconquista.com.br\/index.php?rest_route=%2Fwp%2Fv2%2Ftags&post=39692"}],"curies":[{"name":"wp","href":"https:\/\/api.w.org\/{rel}","templated":true}]}}