{"id":39744,"date":"2015-08-28T11:24:35","date_gmt":"2015-08-28T14:24:35","guid":{"rendered":"http:\/\/blitzconquista.com.br\/?p=39744"},"modified":"2015-08-28T11:24:35","modified_gmt":"2015-08-28T14:24:35","slug":"justica-ouve-envolvidos-na-venda-de-ingressos-na-copa-de-2014","status":"publish","type":"post","link":"http:\/\/blitzconquista.com.br\/?p=39744","title":{"rendered":"Justi\u00e7a ouve envolvidos na venda de ingressos na Copa de 2014"},"content":{"rendered":"<p>Testemunhas de acusa\u00e7\u00e3o do caso da venda de ingressos desviados da Copa do Mundo de 2014 prestaram depoimentos hoje (26) na Justi\u00e7a do Rio. O juiz Marcello Rubioli, do Juizado do Torcedor e dos Grandes Eventos, ouviu o depoimento de 20 pessoas, das 25 arroladas pelo Minist\u00e9rio P\u00fablico (MP).<\/p>\n<p>O magistrado marcou para 8 de setembro a terceira audi\u00eancia de instru\u00e7\u00e3o e julgamento do processo dos 11 acusados de desviar ingressos da Copa para venda ilegal. Na ocasi\u00e3o, ser\u00e1 tomado os depoimentos de mais dez testemunhas de defesa arroladas pelos advogados. No dia 15 de setembro vai ocorrer a fase de interrogat\u00f3rios dos r\u00e9us.<\/p>\n<p>S\u00e3o r\u00e9us na a\u00e7\u00e3o Mohamadou Lamine Fofana, o &#8220;Lamine&#8221;; Alexandre da Silva Borges, o &#8220;Xandy&#8221;; Antonio Henrique de Paula Jorge, &#8220;Henrique&#8221;, o \u201cPar\u00e1\u201d, \u201cPatr\u00e3o\u201d ou \u201cJogador\u201d; Marcelo Pav\u00e3o da Costa Carvalho, o \u201cCaju\u201d; Sergio Antonio de Lima, o \u201cSerginho&#8221;; Julio Soares da Costa Filho; Fernanda Carrione Paulucci; Ernani Alves da Rocha Junior, o &#8220;Junior&#8221;; Alexandre Marino Vieira; Ozeas do Nascimento e Jos\u00e9 Massih.<\/p>\n<p>Eles s\u00e3o acusados de cambismo, desvio de ingresso para c\u00e2mbio, lavagem de dinheiro, corrup\u00e7\u00e3o ativa e organiza\u00e7\u00e3o criminosa. Raymond Whelan, executivo da empresa Match Services, ligada \u00e0 Federa\u00e7\u00e3oInternacional deFutebol (Fifa), tamb\u00e9m havia sido inclu\u00eddo na den\u00fancia do Minist\u00e9rio P\u00fablico, mas as acusa\u00e7\u00f5es contra ele foram arquivadas pela 6\u00aa C\u00e2mara Criminal.<\/p>\n<p><img decoding=\"async\" loading=\"lazy\" class=\"alignnone size-full wp-image-38965\" src=\"http:\/\/blitzconquista.com.br\/wp-content\/uploads\/2015\/08\/agencia_brasil_logo.png\" alt=\"agencia_brasil_logo\" width=\"150\" height=\"35\" \/><\/p>\n","protected":false},"excerpt":{"rendered":"<p>Testemunhas de acusa\u00e7\u00e3o do caso da venda de ingressos desviados da Copa do Mundo de 2014 prestaram depoimentos hoje (26) na Justi\u00e7a do Rio. O juiz Marcello Rubioli, do Juizado do Torcedor e dos Grandes Eventos, ouviu o depoimento de 20 pessoas, das 25 arroladas pelo Minist\u00e9rio P\u00fablico (MP). O magistrado marcou para 8 de [&hellip;]<\/p>\n","protected":false},"author":1,"featured_media":39745,"comment_status":"open","ping_status":"closed","sticky":false,"template":"","format":"standard","meta":[],"categories":[1],"tags":[],"_links":{"self":[{"href":"http:\/\/blitzconquista.com.br\/index.php?rest_route=\/wp\/v2\/posts\/39744"}],"collection":[{"href":"http:\/\/blitzconquista.com.br\/index.php?rest_route=\/wp\/v2\/posts"}],"about":[{"href":"http:\/\/blitzconquista.com.br\/index.php?rest_route=\/wp\/v2\/types\/post"}],"author":[{"embeddable":true,"href":"http:\/\/blitzconquista.com.br\/index.php?rest_route=\/wp\/v2\/users\/1"}],"replies":[{"embeddable":true,"href":"http:\/\/blitzconquista.com.br\/index.php?rest_route=%2Fwp%2Fv2%2Fcomments&post=39744"}],"version-history":[{"count":0,"href":"http:\/\/blitzconquista.com.br\/index.php?rest_route=\/wp\/v2\/posts\/39744\/revisions"}],"wp:featuredmedia":[{"embeddable":true,"href":"http:\/\/blitzconquista.com.br\/index.php?rest_route=\/wp\/v2\/media\/39745"}],"wp:attachment":[{"href":"http:\/\/blitzconquista.com.br\/index.php?rest_route=%2Fwp%2Fv2%2Fmedia&parent=39744"}],"wp:term":[{"taxonomy":"category","embeddable":true,"href":"http:\/\/blitzconquista.com.br\/index.php?rest_route=%2Fwp%2Fv2%2Fcategories&post=39744"},{"taxonomy":"post_tag","embeddable":true,"href":"http:\/\/blitzconquista.com.br\/index.php?rest_route=%2Fwp%2Fv2%2Ftags&post=39744"}],"curies":[{"name":"wp","href":"https:\/\/api.w.org\/{rel}","templated":true}]}}