{"id":40279,"date":"2015-09-06T22:05:47","date_gmt":"2015-09-07T01:05:47","guid":{"rendered":"http:\/\/blitzconquista.com.br\/?p=40279"},"modified":"2015-09-06T22:06:14","modified_gmt":"2015-09-07T01:06:14","slug":"siemsen-reclama-mais-uma-vez-de-arbitragem-contra-o-flu-o-cara-jogou-volei","status":"publish","type":"post","link":"http:\/\/blitzconquista.com.br\/?p=40279","title":{"rendered":"Siemsen reclama mais uma vez de arbitragem contra o Flu: &#8216;O cara jogou v\u00f4lei&#8217;"},"content":{"rendered":"<p>Assim como j\u00e1 tinha acontecido na derrota para o Corinthians na \u00faltima quarta-feira, o presidente do Fluminense, Peter Siemsen, reclamou mais uma vez de um erro da arbitragem contra a sua equipe, que perdeu o cl\u00e1ssico para o Flamengo por 3 a 1, neste domingo no Maracan\u00e3.<\/p>\n<p>Siemsen reconheceu que o Tricolor n\u00e3o teve bom desempenho em campo no Fla-Flu, mas demonstrou indigna\u00e7\u00e3o ao falar sobre o lance do primeiro gol rubro-negro, marcado por Emerson Sheik, depois que o zagueiro Wallace tocou com a m\u00e3o na bola e ajeitou para o atcante finalizar.<\/p>\n<p>&#8220;Eu estou contrariado, chateado como presidente e torcedor pela derrota. Reconhe\u00e7o que o time jogou muito mal no primeiro tempo, equilibrou no segundo. Agora, sinceramente, ningu\u00e9m aguenta mais a arbitragem do jeito que est\u00e1. Hoje mudou o jogo, contra o Corinthians mudou o jogo ao anular o gol, contra a Chapecoense esperaram dois minutos e chegou a informa\u00e7\u00e3o no ponto eletr\u00f4nico a\u00ed anularam o gol&#8221;, reclamou o dirigente do Flu.<\/p>\n<p>&#8220;A arbitragem, como em qualquer profiss\u00e3o, tem gente boa e gente ruim. Naquele gol contra o Corinthians, s\u00f3 se o babdeira estivesse olhando para a lua para n\u00e3o ver que o gol foi legal. Hoje n\u00e3o tem como n\u00e3o ver, o cara jogou voleibol dentro da \u00e1rea. Se o \u00e1rbitro pudesse falar, contribuiria muito para ter transpar\u00eancia. N\u00e3o \u00e9 poss\u00edvel que tanha tantantas jogadas com interpreta\u00e7\u00f5es diferentes, voc\u00ea come\u00e7a a se questionar. Isso causa preju\u00edzo enorme ao clube. Eu estou me matando para pagar as d\u00edvidas, aderindo \u00e0 lei de responsabilidade, e cad\u00ea a responsabilidade de quem est\u00e1 no comando do apito? Precisamos transformar a arbitragem em um mar de transpar\u00eancia&#8221;.<\/p>\n<p>Peter Siemsen tamb\u00e9m foi questionado sobre a perman\u00eancia do t\u00e9cnico Enderson Moreira no cargo e disse que ele continuar\u00e1. Depois do cl\u00e1ssico, houve uma reuni\u00e3o no vesti\u00e1rio do Maracan\u00e3 e nova conversa deve acontecer na reapresebta\u00e7\u00e3o do elenco, nesta segunda-feira pela manh\u00e3.<\/p>\n<p>Com a quarta derrota consecutiva no Campeonato Brasileiro, o Fluminense, caiu para a nona coloca\u00e7\u00e3o e parou nos 33 pontos, ficando a cinco pontos do G-4.<\/p>\n<div class=\"postfigure videoplayer\">\n<figure class=\"video-player-widget\">\n<div class=\"_videoplayer-thumb\">\n<figure style=\"width: 622px\" class=\"wp-caption aligncenter\"><img decoding=\"async\" loading=\"lazy\" src=\"http:\/\/cdn.espn.com.br\/thumb\/622_9617fe2d-9b42-30b0-9cea-3197bd69fe9c.jpg\" alt=\"622 9617fe2d 9b42 30b0 9cea 3197bd69fe9c\" width=\"622\" height=\"350\" \/><figcaption class=\"wp-caption-text\">Gum reclama da arbitragem e diz: &#8216;N\u00e3o \u00e9 choror\u00f4&#8217;<\/figcaption><\/figure>\n<\/div><figcaption class=\"video-caption\"> <\/figcaption><\/figure>\n<\/div>\n","protected":false},"excerpt":{"rendered":"<p>Assim como j\u00e1 tinha acontecido na derrota para o Corinthians na \u00faltima quarta-feira, o presidente do Fluminense, Peter Siemsen, reclamou mais uma vez de um erro da arbitragem contra a sua equipe, que perdeu o cl\u00e1ssico para o Flamengo por 3 a 1, neste domingo no Maracan\u00e3. Siemsen reconheceu que o Tricolor n\u00e3o teve bom [&hellip;]<\/p>\n","protected":false},"author":1,"featured_media":40280,"comment_status":"open","ping_status":"closed","sticky":false,"template":"","format":"standard","meta":[],"categories":[1],"tags":[],"_links":{"self":[{"href":"http:\/\/blitzconquista.com.br\/index.php?rest_route=\/wp\/v2\/posts\/40279"}],"collection":[{"href":"http:\/\/blitzconquista.com.br\/index.php?rest_route=\/wp\/v2\/posts"}],"about":[{"href":"http:\/\/blitzconquista.com.br\/index.php?rest_route=\/wp\/v2\/types\/post"}],"author":[{"embeddable":true,"href":"http:\/\/blitzconquista.com.br\/index.php?rest_route=\/wp\/v2\/users\/1"}],"replies":[{"embeddable":true,"href":"http:\/\/blitzconquista.com.br\/index.php?rest_route=%2Fwp%2Fv2%2Fcomments&post=40279"}],"version-history":[{"count":0,"href":"http:\/\/blitzconquista.com.br\/index.php?rest_route=\/wp\/v2\/posts\/40279\/revisions"}],"wp:featuredmedia":[{"embeddable":true,"href":"http:\/\/blitzconquista.com.br\/index.php?rest_route=\/wp\/v2\/media\/40280"}],"wp:attachment":[{"href":"http:\/\/blitzconquista.com.br\/index.php?rest_route=%2Fwp%2Fv2%2Fmedia&parent=40279"}],"wp:term":[{"taxonomy":"category","embeddable":true,"href":"http:\/\/blitzconquista.com.br\/index.php?rest_route=%2Fwp%2Fv2%2Fcategories&post=40279"},{"taxonomy":"post_tag","embeddable":true,"href":"http:\/\/blitzconquista.com.br\/index.php?rest_route=%2Fwp%2Fv2%2Ftags&post=40279"}],"curies":[{"name":"wp","href":"https:\/\/api.w.org\/{rel}","templated":true}]}}