{"id":40894,"date":"2015-09-21T00:11:58","date_gmt":"2015-09-21T03:11:58","guid":{"rendered":"http:\/\/blitzconquista.com.br\/?p=40894"},"modified":"2015-09-21T00:11:58","modified_gmt":"2015-09-21T03:11:58","slug":"leao-foca-na-sequencia-de-jogos-em-salvador-para-ficar-perto-do-topo","status":"publish","type":"post","link":"http:\/\/blitzconquista.com.br\/?p=40894","title":{"rendered":"Le\u00e3o foca na sequ\u00eancia de jogos em Salvador para ficar perto do topo"},"content":{"rendered":"<p class=\"bodytext\">O desejo de encurtar a dist\u00e2ncia para o l\u00edder Botafogo acabou sendo adiado. Empate sofrido por 0x0 com o ABC, em Natal, triunfo carioca sobre o Boa, em Varginha, e o rubro-negro voltou a ficar a seis pontos do l\u00edder. Panorama longe do ideal, mas que n\u00e3o abala a equipe do t\u00e9cnico Vagner Mancini, j\u00e1 focada nos quatro jogos seguidos em Salvador para encostar no topo.<\/p>\n<p class=\"bodytext\">E o primeiro passo caseiro ser\u00e1 no pr\u00f3ximo s\u00e1bado diante do Paysandu, \u00e0s 16h30, na Fonte Nova, onde o rubro-negro goleou o Mogi Mirim por 4&#215;1, na ter\u00e7a-feira passada. Mesmo local do jogo seguinte, o cl\u00e1ssico Ba-Vi, com mando do Bahia, dia 3 de outubro. Para completar, o Le\u00e3o pega o Boa, dia 10, e o Paran\u00e1, dia 16, ambos no Barrad\u00e3o.<\/p>\n<table class=\"middle\">\n<thead>\n<tr>\n<th scope=\"col\">\n<p class=\"bodytext\"><img decoding=\"async\" loading=\"lazy\" class=\"aligncenter\" src=\"http:\/\/e-ib3.sttc.net.br\/uploads\/RTEmagicC_Leao209.jpg.jpg\" alt=\"\" width=\"562\" height=\"464\" \/><\/p>\n<\/th>\n<\/tr>\n<\/thead>\n<tbody>\n<tr>\n<td>\n<p class=\"bodytext\">T\u00e9cnico Vagner Mancini conversa com os jogadores durante o treinamento no Barrad\u00e3o. Rubro-negro confia nas quatro partidas seguidas em Salvador para buscar a lideran\u00e7a da S\u00e9rie B<br \/>\n(Foto: Mauro Akin Nassor\/Arquivo CORREIO)<\/p>\n<\/td>\n<\/tr>\n<\/tbody>\n<\/table>\n<p class=\"bodytext\">\u201cAgora n\u00f3s temos uma sequ\u00eancia de jogos em Salvador, onde \u00e9 importante que a gente vista a camisa da equipe que quer subir e ser campe\u00e3. E que a gente some pontos importantes para n\u00e3o nos distanciarmos muito do l\u00edder e termos chances tamb\u00e9m de buscar o t\u00edtulo, que \u00e9 nosso objetivo\u201d, destacou Mancini.<\/p>\n<p class=\"bodytext\">Com esse pensamento, os jogadores se reapresentam amanh\u00e3 \u00e0 tarde, no Barrad\u00e3o.\u00a0 Para o duelo decisivo com o Pap\u00e3o, concorrente direto do rubro-negro pelo acesso, o Vit\u00f3ria, sem perder h\u00e1 quatro jogos, espera contar com for\u00e7a m\u00e1xima para o confronto.<\/p>\n<p class=\"bodytext\">Uma inten\u00e7\u00e3o que vai depender muito da evolu\u00e7\u00e3o cl\u00ednica do lateral-direito Diogo Matheus e do zagueiro Guilherme Mattis, ambos vetados da partida em Natal por conta de les\u00f5es musculares. Outro jogador em recupera\u00e7\u00e3o \u00e9 Fernando Miguel, sem atuar desde a 17\u00aa rodada. Todos ser\u00e3o avaliados pelo departamento m\u00e9dico durante a semana.<\/p>\n<p class=\"bodytext\">Caso re\u00fana condi\u00e7\u00f5es de jogo, Fernando deve ficar no banco, j\u00e1 que Gatito vem em grande fase e fechou o gol na sexta. \u201cEle acabou sendo o respons\u00e1vel pelo 0x0. Fez in\u00fameras defesas. \u00c9 um atleta que vem ganhando destaque e se estabelecendo como um belo goleiro. Temos a for\u00e7a defensiva num momento de necessidade\u201d, elogiou Mancini.<\/p>\n<p class=\"bodytext\"><b>Ingressos para duelo com o Pap\u00e3o\u00a0 come\u00e7am a\u00a0 ser\u00a0 vendidos\u00a0 na\u00a0 quarta<\/b><br \/>\nCome\u00e7a na quarta-feira a venda de ingressos para o jogo com o Paysandu, s\u00e1bado, \u00e0s 16h30, na Fonte Nova. Os torcedores poder\u00e3o adquirir as entradas atrav\u00e9s do site arenafontenova.com.br, Loja do Le\u00e3o (Capemi), Barrad\u00e3o e nas bilheterias da Fonte, \u00fanico local que a compra poder\u00e1 ser feita em dinheiro. O ingresso mais barato custa R$ 20. O mais caro R$ 140. *Ibahia<\/p>\n","protected":false},"excerpt":{"rendered":"<p>O desejo de encurtar a dist\u00e2ncia para o l\u00edder Botafogo acabou sendo adiado. Empate sofrido por 0x0 com o ABC, em Natal, triunfo carioca sobre o Boa, em Varginha, e o rubro-negro voltou a ficar a seis pontos do l\u00edder. Panorama longe do ideal, mas que n\u00e3o abala a equipe do t\u00e9cnico Vagner Mancini, j\u00e1 [&hellip;]<\/p>\n","protected":false},"author":1,"featured_media":40897,"comment_status":"open","ping_status":"closed","sticky":false,"template":"","format":"standard","meta":[],"categories":[1],"tags":[],"_links":{"self":[{"href":"http:\/\/blitzconquista.com.br\/index.php?rest_route=\/wp\/v2\/posts\/40894"}],"collection":[{"href":"http:\/\/blitzconquista.com.br\/index.php?rest_route=\/wp\/v2\/posts"}],"about":[{"href":"http:\/\/blitzconquista.com.br\/index.php?rest_route=\/wp\/v2\/types\/post"}],"author":[{"embeddable":true,"href":"http:\/\/blitzconquista.com.br\/index.php?rest_route=\/wp\/v2\/users\/1"}],"replies":[{"embeddable":true,"href":"http:\/\/blitzconquista.com.br\/index.php?rest_route=%2Fwp%2Fv2%2Fcomments&post=40894"}],"version-history":[{"count":0,"href":"http:\/\/blitzconquista.com.br\/index.php?rest_route=\/wp\/v2\/posts\/40894\/revisions"}],"wp:featuredmedia":[{"embeddable":true,"href":"http:\/\/blitzconquista.com.br\/index.php?rest_route=\/wp\/v2\/media\/40897"}],"wp:attachment":[{"href":"http:\/\/blitzconquista.com.br\/index.php?rest_route=%2Fwp%2Fv2%2Fmedia&parent=40894"}],"wp:term":[{"taxonomy":"category","embeddable":true,"href":"http:\/\/blitzconquista.com.br\/index.php?rest_route=%2Fwp%2Fv2%2Fcategories&post=40894"},{"taxonomy":"post_tag","embeddable":true,"href":"http:\/\/blitzconquista.com.br\/index.php?rest_route=%2Fwp%2Fv2%2Ftags&post=40894"}],"curies":[{"name":"wp","href":"https:\/\/api.w.org\/{rel}","templated":true}]}}