{"id":41664,"date":"2015-10-09T00:41:17","date_gmt":"2015-10-09T03:41:17","guid":{"rendered":"http:\/\/blitzconquista.com.br\/?p=41664"},"modified":"2015-10-09T00:41:24","modified_gmt":"2015-10-09T03:41:24","slug":"projovem-urbano-e-campo-prefeitura-realiza-nova-convocacao","status":"publish","type":"post","link":"http:\/\/blitzconquista.com.br\/?p=41664","title":{"rendered":"Projovem Urbano e Campo: Prefeitura realiza nova convoca\u00e7\u00e3o"},"content":{"rendered":"<div id=\"stcpDiv\">\n<p>A Prefeitura Municipal convoca, pela ordem de classifica\u00e7\u00e3o, os candidatos aprovados ao preenchimento das vagas dispon\u00edveis no momento do Edital SMED\/PJU n\u00ba 010\/2014 e Edital SMED\/PJC n\u00ba 011\/2014, conforme Anexo I \u2013 Lista de Convocados, a fim de prover o quadro de pessoal t\u00e9cnico e pedag\u00f3gico, para execu\u00e7\u00e3o do Programa Nacional de Inclus\u00e3o de Jovens nas modalidades do Projovem Urbano e do Projovem Campo em Vit\u00f3ria da Conquista.<\/p>\n<p>Os candidatos convocados dever\u00e3o comparecer pessoalmente ou mediante procura\u00e7\u00e3o particular, nessa sexta-feira, 9, das 8h30 \u00e0s 11h30 e das 14h30 \u00e0s 17h30, na Sede do Projovem Urbano, situada na Av. Jo\u00e3o Pessoa, 129, Centro. Na ocasi\u00e3o, dever\u00e3o ser entregues o Formul\u00e1rio de Cadastro com Lista de Documentos \u2013 Anexo II, preenchido e com os documentos, original e c\u00f3pia, em conformidade com os descritos no formul\u00e1rio e exames do Anexo IV.<\/p>\n<p>Confira:<\/p>\n<p><strong><a href=\"http:\/\/www.pmvc.ba.gov.br\/v2\/wp-content\/uploads\/Convoca%C3%A7%C3%A3o-da-Sele%C3%A7%C3%A3o-P%C3%BAblica-de-Pessoal-para-execu%C3%A7%C3%A3o-do-PJU-e-PJC-1.pdf\" target=\"_blank\">Edital de Convoca\u00e7\u00e3o da Sele\u00e7\u00e3o P\u00fablica de Pessoal<\/a><\/strong><br \/>\nANEXO I \u2013\u00a0<strong><a href=\"http:\/\/www.pmvc.ba.gov.br\/v2\/wp-content\/uploads\/ANEXO-I.-Lista-de-Convocados-2.pdf\" target=\"_blank\">Lista de convocados<\/a><\/strong><br \/>\nANEXO II \u2013\u00a0<strong><a href=\"http:\/\/www.pmvc.ba.gov.br\/v2\/wp-content\/uploads\/ANEXO-II.-Formul%C3%A1rio-de-Cadastro-2.docx\" target=\"_blank\">Formul\u00e1rio de Cadastro<\/a><\/strong><br \/>\nANEXO III\u00a0\u2013 <strong><a href=\"http:\/\/www.pmvc.ba.gov.br\/v2\/wp-content\/uploads\/ANEXO-III.-Declara%C3%A7%C3%A3o-de-Bens-contatado-2.pdf\" target=\"_blank\">Declara\u00e7\u00e3o de Bens<\/a><\/strong><br \/>\nANEXO IV \u2013 <strong><a href=\"http:\/\/www.pmvc.ba.gov.br\/v2\/wp-content\/uploads\/ANEXO-IV.-Exames-m%C3%A9dicos-e-laboratoriais-1.pdf\" target=\"_blank\">Exames m\u00e9dicos e laboratoriais<\/a><\/strong><\/p>\n<\/div>\n","protected":false},"excerpt":{"rendered":"<p>A Prefeitura Municipal convoca, pela ordem de classifica\u00e7\u00e3o, os candidatos aprovados ao preenchimento das vagas dispon\u00edveis no momento do Edital SMED\/PJU n\u00ba 010\/2014 e Edital SMED\/PJC n\u00ba 011\/2014, conforme Anexo I \u2013 Lista de Convocados, a fim de prover o quadro de pessoal t\u00e9cnico e pedag\u00f3gico, para execu\u00e7\u00e3o do Programa Nacional de Inclus\u00e3o de Jovens [&hellip;]<\/p>\n","protected":false},"author":1,"featured_media":41665,"comment_status":"open","ping_status":"closed","sticky":false,"template":"","format":"standard","meta":[],"categories":[4],"tags":[],"_links":{"self":[{"href":"http:\/\/blitzconquista.com.br\/index.php?rest_route=\/wp\/v2\/posts\/41664"}],"collection":[{"href":"http:\/\/blitzconquista.com.br\/index.php?rest_route=\/wp\/v2\/posts"}],"about":[{"href":"http:\/\/blitzconquista.com.br\/index.php?rest_route=\/wp\/v2\/types\/post"}],"author":[{"embeddable":true,"href":"http:\/\/blitzconquista.com.br\/index.php?rest_route=\/wp\/v2\/users\/1"}],"replies":[{"embeddable":true,"href":"http:\/\/blitzconquista.com.br\/index.php?rest_route=%2Fwp%2Fv2%2Fcomments&post=41664"}],"version-history":[{"count":0,"href":"http:\/\/blitzconquista.com.br\/index.php?rest_route=\/wp\/v2\/posts\/41664\/revisions"}],"wp:featuredmedia":[{"embeddable":true,"href":"http:\/\/blitzconquista.com.br\/index.php?rest_route=\/wp\/v2\/media\/41665"}],"wp:attachment":[{"href":"http:\/\/blitzconquista.com.br\/index.php?rest_route=%2Fwp%2Fv2%2Fmedia&parent=41664"}],"wp:term":[{"taxonomy":"category","embeddable":true,"href":"http:\/\/blitzconquista.com.br\/index.php?rest_route=%2Fwp%2Fv2%2Fcategories&post=41664"},{"taxonomy":"post_tag","embeddable":true,"href":"http:\/\/blitzconquista.com.br\/index.php?rest_route=%2Fwp%2Fv2%2Ftags&post=41664"}],"curies":[{"name":"wp","href":"https:\/\/api.w.org\/{rel}","templated":true}]}}