{"id":41672,"date":"2015-10-09T11:12:07","date_gmt":"2015-10-09T14:12:07","guid":{"rendered":"http:\/\/blitzconquista.com.br\/?p=41672"},"modified":"2015-10-09T11:13:47","modified_gmt":"2015-10-09T14:13:47","slug":"mais-um-show-e-cancelado-em-conquista-desta-vez-foi-jorge-e-mateus","status":"publish","type":"post","link":"http:\/\/blitzconquista.com.br\/?p=41672","title":{"rendered":"Mais um show \u00e9 cancelado em Conquista; desta vez foi Jorge e Mateus"},"content":{"rendered":"<p>Assim como o show de Paula Fernandes, o espet\u00e1culo de Jorge e Mateus, marcado para essa sexta-feira, 09, tamb\u00e9m foi cancelado.<\/p>\n<p><img decoding=\"async\" loading=\"lazy\" class=\"wp-image-41673 alignright\" src=\"http:\/\/blitzconquista.com.br\/wp-content\/uploads\/2015\/10\/tbg_834cf3ab4d1b4c83.jpg\" alt=\"tbg_834cf3ab4d1b4c83\" width=\"309\" height=\"213\" srcset=\"http:\/\/blitzconquista.com.br\/wp-content\/uploads\/2015\/10\/tbg_834cf3ab4d1b4c83.jpg 700w, http:\/\/blitzconquista.com.br\/wp-content\/uploads\/2015\/10\/tbg_834cf3ab4d1b4c83-300x207.jpg 300w, http:\/\/blitzconquista.com.br\/wp-content\/uploads\/2015\/10\/tbg_834cf3ab4d1b4c83-695x480.jpg 695w, http:\/\/blitzconquista.com.br\/wp-content\/uploads\/2015\/10\/tbg_834cf3ab4d1b4c83-670x460.jpg 670w\" sizes=\"(max-width: 309px) 100vw, 309px\" \/><\/p>\n<p>O empres\u00e1rio respons\u00e1vel pelo show, Fernando Gusm\u00e3o, presidente da Rasta Show, disse em nota que a apresenta\u00e7\u00e3o foi cancelada por conta da log\u00edstica da dupla, que grava um DVD em Bras\u00edlia. Ainda segundo o empres\u00e1rio, teriam sido vendidos 4 mil ingressos para a apresenta\u00e7\u00e3o.<\/p>\n<p>Os organizadores do show informam que a devolu\u00e7\u00e3o do dinheiro para quem adquiriu os ingressos ser\u00e1 realizada no dia 17 de outubro em um local que ser\u00e1 divulgado.<\/p>\n<p>&nbsp;<\/p>\n","protected":false},"excerpt":{"rendered":"<p>Assim como o show de Paula Fernandes, o espet\u00e1culo de Jorge e Mateus, marcado para essa sexta-feira, 09, tamb\u00e9m foi cancelado. O empres\u00e1rio respons\u00e1vel pelo show, Fernando Gusm\u00e3o, presidente da Rasta Show, disse em nota que a apresenta\u00e7\u00e3o foi cancelada por conta da log\u00edstica da dupla, que grava um DVD em Bras\u00edlia. Ainda segundo o [&hellip;]<\/p>\n","protected":false},"author":1,"featured_media":41673,"comment_status":"open","ping_status":"closed","sticky":false,"template":"","format":"standard","meta":[],"categories":[4],"tags":[],"_links":{"self":[{"href":"http:\/\/blitzconquista.com.br\/index.php?rest_route=\/wp\/v2\/posts\/41672"}],"collection":[{"href":"http:\/\/blitzconquista.com.br\/index.php?rest_route=\/wp\/v2\/posts"}],"about":[{"href":"http:\/\/blitzconquista.com.br\/index.php?rest_route=\/wp\/v2\/types\/post"}],"author":[{"embeddable":true,"href":"http:\/\/blitzconquista.com.br\/index.php?rest_route=\/wp\/v2\/users\/1"}],"replies":[{"embeddable":true,"href":"http:\/\/blitzconquista.com.br\/index.php?rest_route=%2Fwp%2Fv2%2Fcomments&post=41672"}],"version-history":[{"count":0,"href":"http:\/\/blitzconquista.com.br\/index.php?rest_route=\/wp\/v2\/posts\/41672\/revisions"}],"wp:featuredmedia":[{"embeddable":true,"href":"http:\/\/blitzconquista.com.br\/index.php?rest_route=\/wp\/v2\/media\/41673"}],"wp:attachment":[{"href":"http:\/\/blitzconquista.com.br\/index.php?rest_route=%2Fwp%2Fv2%2Fmedia&parent=41672"}],"wp:term":[{"taxonomy":"category","embeddable":true,"href":"http:\/\/blitzconquista.com.br\/index.php?rest_route=%2Fwp%2Fv2%2Fcategories&post=41672"},{"taxonomy":"post_tag","embeddable":true,"href":"http:\/\/blitzconquista.com.br\/index.php?rest_route=%2Fwp%2Fv2%2Ftags&post=41672"}],"curies":[{"name":"wp","href":"https:\/\/api.w.org\/{rel}","templated":true}]}}