{"id":41701,"date":"2015-10-09T22:13:46","date_gmt":"2015-10-10T01:13:46","guid":{"rendered":"http:\/\/blitzconquista.com.br\/?p=41701"},"modified":"2015-10-09T23:06:35","modified_gmt":"2015-10-10T02:06:35","slug":"selecao-da-educacao-prefeitura-realiza-terceira-convocacao","status":"publish","type":"post","link":"http:\/\/blitzconquista.com.br\/?p=41701","title":{"rendered":"Sele\u00e7\u00e3o da Educa\u00e7\u00e3o: Prefeitura realiza terceira convoca\u00e7\u00e3o"},"content":{"rendered":"<div id=\"stcpDiv\">\n<p>A Prefeitura de Vit\u00f3ria da Conquista, por meio das secretarias municipais de Administra\u00e7\u00e3o e Educa\u00e7\u00e3o, convoca os candidatos aprovados na Sele\u00e7\u00e3o n\u00ba 01\/2015 para contrata\u00e7\u00e3o por tempo determinado na Administra\u00e7\u00e3o P\u00fablica Municipal, conforme anexo \u00fanico do Edital de Convoca\u00e7\u00e3o (abaixo).<\/p>\n<p>Os candidatos convocados devem se dirigir pessoalmente \u00e0 Coordena\u00e7\u00e3o de Gest\u00e3o de Pessoas, localizada na Pra\u00e7a Joaquim Correia, n\u00ba 21, Centro, nesta cidade, das 09:00h \u00e0s 12:00h e das 14:00h \u00e0s 17:00h, no per\u00edodo de:<\/p>\n<ul>\n<li>14\/10 a 16\/10\/2015, para agendamento de exames admissionais, conforme anexo VII do Edital de Abertura da Sele\u00e7\u00e3o n\u00ba 01\/2015. \u00c9 facultado ao candidato convocado realizar os exames admissionais\u00a0na rede particular ou na rede p\u00fablica (neste \u00faltimo caso, a Administra\u00e7\u00e3o Municipal far\u00e1 o encaminhamento);<\/li>\n<li>14\/10 a 24\/11\/2015, realiza\u00e7\u00e3o dos exames;<\/li>\n<li>14\/10 a 27\/11\/2015, recebimento do laudo m\u00e9dico e documenta\u00e7\u00e3o exigida abaixo.<\/li>\n<\/ul>\n<p>Confira:<br \/>\n<a href=\"http:\/\/www.pmvc.ba.gov.br\/v2\/wp-content\/uploads\/3%C2%BA-Edital-de-convoca%C3%A7%C3%A3o-Sele%C3%A7%C3%A3o-01.2015.pdf\" target=\"_blank\">Edital de 3\u00aa Convoca\u00e7\u00e3o\u00a0\u2013 Sele\u00e7\u00e3o n\u00ba 01\/2015<\/a><br \/>\n<a href=\"http:\/\/www.pmvc.ba.gov.br\/v2\/wp-content\/uploads\/3%C2%AA-Edital-de-convoca%C3%A7%C3%A3o-Sele%C3%A7%C3%A3o-01.2015-Anexo-%C3%9Anico.pdf\" target=\"_blank\">Rela\u00e7\u00e3o de Convocados\u00a0\u2013 3\u00aa chamada<\/a><\/p>\n<\/div>\n","protected":false},"excerpt":{"rendered":"<p>A Prefeitura de Vit\u00f3ria da Conquista, por meio das secretarias municipais de Administra\u00e7\u00e3o e Educa\u00e7\u00e3o, convoca os candidatos aprovados na Sele\u00e7\u00e3o n\u00ba 01\/2015 para contrata\u00e7\u00e3o por tempo determinado na Administra\u00e7\u00e3o P\u00fablica Municipal, conforme anexo \u00fanico do Edital de Convoca\u00e7\u00e3o (abaixo). Os candidatos convocados devem se dirigir pessoalmente \u00e0 Coordena\u00e7\u00e3o de Gest\u00e3o de Pessoas, localizada na [&hellip;]<\/p>\n","protected":false},"author":1,"featured_media":41702,"comment_status":"open","ping_status":"closed","sticky":false,"template":"","format":"standard","meta":[],"categories":[4],"tags":[],"_links":{"self":[{"href":"http:\/\/blitzconquista.com.br\/index.php?rest_route=\/wp\/v2\/posts\/41701"}],"collection":[{"href":"http:\/\/blitzconquista.com.br\/index.php?rest_route=\/wp\/v2\/posts"}],"about":[{"href":"http:\/\/blitzconquista.com.br\/index.php?rest_route=\/wp\/v2\/types\/post"}],"author":[{"embeddable":true,"href":"http:\/\/blitzconquista.com.br\/index.php?rest_route=\/wp\/v2\/users\/1"}],"replies":[{"embeddable":true,"href":"http:\/\/blitzconquista.com.br\/index.php?rest_route=%2Fwp%2Fv2%2Fcomments&post=41701"}],"version-history":[{"count":0,"href":"http:\/\/blitzconquista.com.br\/index.php?rest_route=\/wp\/v2\/posts\/41701\/revisions"}],"wp:featuredmedia":[{"embeddable":true,"href":"http:\/\/blitzconquista.com.br\/index.php?rest_route=\/wp\/v2\/media\/41702"}],"wp:attachment":[{"href":"http:\/\/blitzconquista.com.br\/index.php?rest_route=%2Fwp%2Fv2%2Fmedia&parent=41701"}],"wp:term":[{"taxonomy":"category","embeddable":true,"href":"http:\/\/blitzconquista.com.br\/index.php?rest_route=%2Fwp%2Fv2%2Fcategories&post=41701"},{"taxonomy":"post_tag","embeddable":true,"href":"http:\/\/blitzconquista.com.br\/index.php?rest_route=%2Fwp%2Fv2%2Ftags&post=41701"}],"curies":[{"name":"wp","href":"https:\/\/api.w.org\/{rel}","templated":true}]}}