{"id":41795,"date":"2015-10-12T22:54:10","date_gmt":"2015-10-13T01:54:10","guid":{"rendered":"http:\/\/blitzconquista.com.br\/?p=41795"},"modified":"2015-10-12T22:54:55","modified_gmt":"2015-10-13T01:54:55","slug":"carro-capota-na-br-116-em-conquista","status":"publish","type":"post","link":"http:\/\/blitzconquista.com.br\/?p=41795","title":{"rendered":"Carro capota na BR 116 em Conquista"},"content":{"rendered":"<p><img decoding=\"async\" loading=\"lazy\" class=\"size-full wp-image-41806 aligncenter\" src=\"http:\/\/blitzconquista.com.br\/wp-content\/uploads\/2015\/10\/capotamento-br116-12102015-2.jpg\" alt=\"capotamento br116 12102015 (2)\" width=\"695\" height=\"391\" srcset=\"http:\/\/blitzconquista.com.br\/wp-content\/uploads\/2015\/10\/capotamento-br116-12102015-2.jpg 695w, http:\/\/blitzconquista.com.br\/wp-content\/uploads\/2015\/10\/capotamento-br116-12102015-2-300x169.jpg 300w\" sizes=\"(max-width: 695px) 100vw, 695px\" \/><\/p>\n<p>Por volta da 19h30 desta segunda-feira, 12, mais um acidente foi registrado na BR 116 em Vit\u00f3ria da Conquista. O fato ocorreu no Km 817 pr\u00f3ximo ao posto P\u00e9 da Serra.<\/p>\n<p><img decoding=\"async\" loading=\"lazy\" class=\"size-full wp-image-41807 aligncenter\" src=\"http:\/\/blitzconquista.com.br\/wp-content\/uploads\/2015\/10\/capotamento-br116-12102015-1.jpg\" alt=\"capotamento br116 12102015 (1)\" width=\"695\" height=\"391\" srcset=\"http:\/\/blitzconquista.com.br\/wp-content\/uploads\/2015\/10\/capotamento-br116-12102015-1.jpg 695w, http:\/\/blitzconquista.com.br\/wp-content\/uploads\/2015\/10\/capotamento-br116-12102015-1-300x169.jpg 300w\" sizes=\"(max-width: 695px) 100vw, 695px\" \/><\/p>\n<p>O condutor do Ford Fiesta Sedan, placa de Vit\u00f3ria da Conquista, teria perdido o controle da dire\u00e7\u00e3o do ve\u00edculo que capotou. N\u00e3o houve v\u00edtimas.<\/p>\n","protected":false},"excerpt":{"rendered":"<p>Por volta da 19h30 desta segunda-feira, 12, mais um acidente foi registrado na BR 116 em Vit\u00f3ria da Conquista. O fato ocorreu no Km 817 pr\u00f3ximo ao posto P\u00e9 da Serra. O condutor do Ford Fiesta Sedan, placa de Vit\u00f3ria da Conquista, teria perdido o controle da dire\u00e7\u00e3o do ve\u00edculo que capotou. N\u00e3o houve v\u00edtimas.<\/p>\n","protected":false},"author":1,"featured_media":41807,"comment_status":"open","ping_status":"closed","sticky":false,"template":"","format":"standard","meta":[],"categories":[7],"tags":[],"_links":{"self":[{"href":"http:\/\/blitzconquista.com.br\/index.php?rest_route=\/wp\/v2\/posts\/41795"}],"collection":[{"href":"http:\/\/blitzconquista.com.br\/index.php?rest_route=\/wp\/v2\/posts"}],"about":[{"href":"http:\/\/blitzconquista.com.br\/index.php?rest_route=\/wp\/v2\/types\/post"}],"author":[{"embeddable":true,"href":"http:\/\/blitzconquista.com.br\/index.php?rest_route=\/wp\/v2\/users\/1"}],"replies":[{"embeddable":true,"href":"http:\/\/blitzconquista.com.br\/index.php?rest_route=%2Fwp%2Fv2%2Fcomments&post=41795"}],"version-history":[{"count":0,"href":"http:\/\/blitzconquista.com.br\/index.php?rest_route=\/wp\/v2\/posts\/41795\/revisions"}],"wp:featuredmedia":[{"embeddable":true,"href":"http:\/\/blitzconquista.com.br\/index.php?rest_route=\/wp\/v2\/media\/41807"}],"wp:attachment":[{"href":"http:\/\/blitzconquista.com.br\/index.php?rest_route=%2Fwp%2Fv2%2Fmedia&parent=41795"}],"wp:term":[{"taxonomy":"category","embeddable":true,"href":"http:\/\/blitzconquista.com.br\/index.php?rest_route=%2Fwp%2Fv2%2Fcategories&post=41795"},{"taxonomy":"post_tag","embeddable":true,"href":"http:\/\/blitzconquista.com.br\/index.php?rest_route=%2Fwp%2Fv2%2Ftags&post=41795"}],"curies":[{"name":"wp","href":"https:\/\/api.w.org\/{rel}","templated":true}]}}