{"id":41797,"date":"2015-10-12T22:39:48","date_gmt":"2015-10-13T01:39:48","guid":{"rendered":"http:\/\/blitzconquista.com.br\/?p=41797"},"modified":"2015-10-12T22:40:58","modified_gmt":"2015-10-13T01:40:58","slug":"torcida-da-tregua-a-selecao-e-mil-pessoas-vao-ao-treino-e-apoiam-time-de-dunga","status":"publish","type":"post","link":"http:\/\/blitzconquista.com.br\/?p=41797","title":{"rendered":"Torcida d\u00e1 tr\u00e9gua \u00e0 sele\u00e7\u00e3o, e mil pessoas v\u00e3o ao treino e apoiam time de Dunga"},"content":{"rendered":"<p>Tanto o t\u00e9cnico Dunga quanto os jogadores convocados t\u00eam demonstrado preocupa\u00e7\u00e3o para qual ser\u00e1 a rea\u00e7\u00e3o do p\u00fablico brasileiro com a sele\u00e7\u00e3o brasileira. Mas, nesta segunda, o povo cearense mostrou que, por enquanto, est\u00e1 do lado do time canarinho.<\/p>\n<p><img decoding=\"async\" loading=\"lazy\" class=\"size-full wp-image-41798 aligncenter\" src=\"http:\/\/blitzconquista.com.br\/wp-content\/uploads\/2015\/10\/622_ce2cd214-8059-32ec-9b5e-e571699b3290.jpg\" alt=\"622_ce2cd214-8059-32ec-9b5e-e571699b3290\" width=\"622\" height=\"350\" srcset=\"http:\/\/blitzconquista.com.br\/wp-content\/uploads\/2015\/10\/622_ce2cd214-8059-32ec-9b5e-e571699b3290.jpg 622w, http:\/\/blitzconquista.com.br\/wp-content\/uploads\/2015\/10\/622_ce2cd214-8059-32ec-9b5e-e571699b3290-300x169.jpg 300w\" sizes=\"(max-width: 622px) 100vw, 622px\" \/><\/p>\n<p>Cerca de mil pessoas compareceram \u00e0 atividade realizada durante a tarde no Est\u00e1dio Presidente Vargas, em Fortaleza (CE), e entraram no fim do treinamento, ap\u00f3s a autoriza\u00e7\u00e3o da comiss\u00e3o t\u00e9cnica.<\/p>\n<p>Os presentes lotaram um setor das arquibancadas e fizeram bastante festa. Curiosamente, contudo, os mais ovacionados foram \u00eddolos do passado que fazem parte da comiss\u00e3o atual de Dunga.<\/p>\n<p>Taffarel, ex-goleiro tetracampe\u00e3o do mundo, por exemplo, foi o que recebeu mais apoio, ao receber gritos em coro dos torcedores. Ele chegou, inclusive, a ir cumprimentar os presentes. O mesmo ocorreu com o ex-lateral Cafu.<\/p>\n<p>O zagueiro Gil, do Corinthians, tamb\u00e9m deu uma camisa para um menino que levou uma faixa de apoio. Entre os convocados, nenhum recebeu aten\u00e7\u00e3o maior. No hotel onde o time est\u00e1 hospedado, por outro lado, o mais festejado tem sido Kak\u00e1.<\/p>\n<p>Dunga s\u00f3 abriu a atividade para a imprensa no fim, quando j\u00e1 realizada um trabalho recreativo e, posteriormente, treinamento de cobran\u00e7as de falta.<\/p>\n<p>Com isso, fica dif\u00edcil prever qual ser\u00e1 a postura de Dunga no jogo desta ter\u00e7a-feira, contra a Venezuela, na Arena Castel\u00e3o. \u00c9 prov\u00e1vel que o t\u00e9cnico fa\u00e7a mudan\u00e7as na equipe.<\/p>\n<p>A aposta mais prov\u00e1vel \u00e9 que o Brasil comece o jogo com: Jefferson, Daniel Alves, Miranda, Marquinhos e Filipe Lu\u00eds; Luiz Gustavo e Elias; Willian, Lucas Lima e Douglas Costa; Hulk.<\/p>\n<p>O confronto \u00e9 v\u00e1lido pela segunda rodada das eliminat\u00f3rias sul-americanas e come\u00e7a a partir das 22h. A sele\u00e7\u00e3o precisa vencer para se recuperar do rev\u00e9s na estreia contra o Chile.<\/p>\n<p><img decoding=\"async\" loading=\"lazy\" class=\"alignnone size-full wp-image-40276\" src=\"http:\/\/blitzconquista.com.br\/wp-content\/uploads\/2015\/09\/espn1.jpg\" alt=\"espn1\" width=\"700\" height=\"60\" srcset=\"http:\/\/blitzconquista.com.br\/wp-content\/uploads\/2015\/09\/espn1.jpg 700w, http:\/\/blitzconquista.com.br\/wp-content\/uploads\/2015\/09\/espn1-300x26.jpg 300w, http:\/\/blitzconquista.com.br\/wp-content\/uploads\/2015\/09\/espn1-680x58.jpg 680w\" sizes=\"(max-width: 700px) 100vw, 700px\" \/><\/p>\n","protected":false},"excerpt":{"rendered":"<p>Tanto o t\u00e9cnico Dunga quanto os jogadores convocados t\u00eam demonstrado preocupa\u00e7\u00e3o para qual ser\u00e1 a rea\u00e7\u00e3o do p\u00fablico brasileiro com a sele\u00e7\u00e3o brasileira. Mas, nesta segunda, o povo cearense mostrou que, por enquanto, est\u00e1 do lado do time canarinho. Cerca de mil pessoas compareceram \u00e0 atividade realizada durante a tarde no Est\u00e1dio Presidente Vargas, em [&hellip;]<\/p>\n","protected":false},"author":1,"featured_media":41798,"comment_status":"open","ping_status":"closed","sticky":false,"template":"","format":"standard","meta":[],"categories":[1],"tags":[],"_links":{"self":[{"href":"http:\/\/blitzconquista.com.br\/index.php?rest_route=\/wp\/v2\/posts\/41797"}],"collection":[{"href":"http:\/\/blitzconquista.com.br\/index.php?rest_route=\/wp\/v2\/posts"}],"about":[{"href":"http:\/\/blitzconquista.com.br\/index.php?rest_route=\/wp\/v2\/types\/post"}],"author":[{"embeddable":true,"href":"http:\/\/blitzconquista.com.br\/index.php?rest_route=\/wp\/v2\/users\/1"}],"replies":[{"embeddable":true,"href":"http:\/\/blitzconquista.com.br\/index.php?rest_route=%2Fwp%2Fv2%2Fcomments&post=41797"}],"version-history":[{"count":0,"href":"http:\/\/blitzconquista.com.br\/index.php?rest_route=\/wp\/v2\/posts\/41797\/revisions"}],"wp:featuredmedia":[{"embeddable":true,"href":"http:\/\/blitzconquista.com.br\/index.php?rest_route=\/wp\/v2\/media\/41798"}],"wp:attachment":[{"href":"http:\/\/blitzconquista.com.br\/index.php?rest_route=%2Fwp%2Fv2%2Fmedia&parent=41797"}],"wp:term":[{"taxonomy":"category","embeddable":true,"href":"http:\/\/blitzconquista.com.br\/index.php?rest_route=%2Fwp%2Fv2%2Fcategories&post=41797"},{"taxonomy":"post_tag","embeddable":true,"href":"http:\/\/blitzconquista.com.br\/index.php?rest_route=%2Fwp%2Fv2%2Ftags&post=41797"}],"curies":[{"name":"wp","href":"https:\/\/api.w.org\/{rel}","templated":true}]}}