{"id":41816,"date":"2015-10-13T14:35:19","date_gmt":"2015-10-13T17:35:19","guid":{"rendered":"http:\/\/blitzconquista.com.br\/?p=41816"},"modified":"2015-10-13T14:35:19","modified_gmt":"2015-10-13T17:35:19","slug":"motociclista-morre-em-acidente-na-br-116-carona-ficou-gravemente-ferida","status":"publish","type":"post","link":"http:\/\/blitzconquista.com.br\/?p=41816","title":{"rendered":"Motociclista morre em acidente na BR 116; carona ficou gravemente ferida"},"content":{"rendered":"<p><img decoding=\"async\" loading=\"lazy\" class=\"size-full wp-image-41818 aligncenter\" src=\"http:\/\/blitzconquista.com.br\/wp-content\/uploads\/2015\/10\/acidente-br116-motociclista-13102015-1.jpg\" alt=\"acidente br116 motociclista 13102015 (1)\" width=\"695\" height=\"391\" srcset=\"http:\/\/blitzconquista.com.br\/wp-content\/uploads\/2015\/10\/acidente-br116-motociclista-13102015-1.jpg 695w, http:\/\/blitzconquista.com.br\/wp-content\/uploads\/2015\/10\/acidente-br116-motociclista-13102015-1-300x169.jpg 300w\" sizes=\"(max-width: 695px) 100vw, 695px\" \/><\/p>\n<p>O jovem Denilson Damaceno Souza Santos, 26 anos, morreu na madrugada desta ter\u00e7a-feira, 13, em um acidente envolvendo uma motocicleta e uma carreta no Anel Rodovi\u00e1rio de Vit\u00f3ria da Conquista, pr\u00f3ximo a Lagoa das Flores.<\/p>\n<p><img decoding=\"async\" loading=\"lazy\" class=\"size-full wp-image-41817 aligncenter\" src=\"http:\/\/blitzconquista.com.br\/wp-content\/uploads\/2015\/10\/acidente-br116-motociclista-13102015-3.jpg\" alt=\"acidente br116 motociclista 13102015 (3)\" width=\"695\" height=\"391\" srcset=\"http:\/\/blitzconquista.com.br\/wp-content\/uploads\/2015\/10\/acidente-br116-motociclista-13102015-3.jpg 695w, http:\/\/blitzconquista.com.br\/wp-content\/uploads\/2015\/10\/acidente-br116-motociclista-13102015-3-300x169.jpg 300w\" sizes=\"(max-width: 695px) 100vw, 695px\" \/><br \/>\nDenilson estava numa motocicleta com outra v\u00edtima quando teria se chocado no traseira da carreta. Ele morreu na hora e a mulher ficou gravemente ferida. Ela foi atendida pelos socorristas da Via Bahia e encaminhada ao Hospital de Base.<\/p>\n<p><img decoding=\"async\" loading=\"lazy\" class=\"size-full wp-image-41819 aligncenter\" src=\"http:\/\/blitzconquista.com.br\/wp-content\/uploads\/2015\/10\/acidente-br116-motociclista-13102015-2.jpg\" alt=\"acidente br116 motociclista 13102015 (2)\" width=\"343\" height=\"460\" srcset=\"http:\/\/blitzconquista.com.br\/wp-content\/uploads\/2015\/10\/acidente-br116-motociclista-13102015-2.jpg 343w, http:\/\/blitzconquista.com.br\/wp-content\/uploads\/2015\/10\/acidente-br116-motociclista-13102015-2-224x300.jpg 224w\" sizes=\"(max-width: 343px) 100vw, 343px\" \/><\/p>\n","protected":false},"excerpt":{"rendered":"<p>O jovem Denilson Damaceno Souza Santos, 26 anos, morreu na madrugada desta ter\u00e7a-feira, 13, em um acidente envolvendo uma motocicleta e uma carreta no Anel Rodovi\u00e1rio de Vit\u00f3ria da Conquista, pr\u00f3ximo a Lagoa das Flores. Denilson estava numa motocicleta com outra v\u00edtima quando teria se chocado no traseira da carreta. Ele morreu na hora e [&hellip;]<\/p>\n","protected":false},"author":1,"featured_media":41817,"comment_status":"open","ping_status":"closed","sticky":false,"template":"","format":"standard","meta":[],"categories":[7],"tags":[],"_links":{"self":[{"href":"http:\/\/blitzconquista.com.br\/index.php?rest_route=\/wp\/v2\/posts\/41816"}],"collection":[{"href":"http:\/\/blitzconquista.com.br\/index.php?rest_route=\/wp\/v2\/posts"}],"about":[{"href":"http:\/\/blitzconquista.com.br\/index.php?rest_route=\/wp\/v2\/types\/post"}],"author":[{"embeddable":true,"href":"http:\/\/blitzconquista.com.br\/index.php?rest_route=\/wp\/v2\/users\/1"}],"replies":[{"embeddable":true,"href":"http:\/\/blitzconquista.com.br\/index.php?rest_route=%2Fwp%2Fv2%2Fcomments&post=41816"}],"version-history":[{"count":0,"href":"http:\/\/blitzconquista.com.br\/index.php?rest_route=\/wp\/v2\/posts\/41816\/revisions"}],"wp:featuredmedia":[{"embeddable":true,"href":"http:\/\/blitzconquista.com.br\/index.php?rest_route=\/wp\/v2\/media\/41817"}],"wp:attachment":[{"href":"http:\/\/blitzconquista.com.br\/index.php?rest_route=%2Fwp%2Fv2%2Fmedia&parent=41816"}],"wp:term":[{"taxonomy":"category","embeddable":true,"href":"http:\/\/blitzconquista.com.br\/index.php?rest_route=%2Fwp%2Fv2%2Fcategories&post=41816"},{"taxonomy":"post_tag","embeddable":true,"href":"http:\/\/blitzconquista.com.br\/index.php?rest_route=%2Fwp%2Fv2%2Ftags&post=41816"}],"curies":[{"name":"wp","href":"https:\/\/api.w.org\/{rel}","templated":true}]}}