{"id":41936,"date":"2015-10-14T23:54:34","date_gmt":"2015-10-15T02:54:34","guid":{"rendered":"http:\/\/blitzconquista.com.br\/?p=41936"},"modified":"2015-10-15T00:30:55","modified_gmt":"2015-10-15T03:30:55","slug":"greve-dos-professores-da-ufba-chega-ao-fim","status":"publish","type":"post","link":"http:\/\/blitzconquista.com.br\/?p=41936","title":{"rendered":"Greve dos professores da Ufba chega ao fim"},"content":{"rendered":"<p>A maioria dos professores da Universidade Federal da Bahia (Ufba) votou nesta quarta-feira, 14, pelo fim da greve durante assembleia realizada \u00e0 tarde no audit\u00f3rio da Faculdade de Arquitetura, localizada na Federa\u00e7\u00e3o.<\/p>\n<p>A maioria decidiu seguir o indicativo aprovado pelos comandos local e nacional, de sa\u00edda unificada do movimento. No total, 129 votaram pelo fim da greve, 30 pela continuidade e tr\u00eas se abstiveram.<\/p>\n<p>Nesta quinta, 15, a pr\u00f3-reitoria da institui\u00e7\u00e3o deve preparar a proposta de calend\u00e1rio e apresentar at\u00e9 sexta, 16, ao Conselho Superior de Ensino, Pesquisa e Extens\u00e3o (Concep). Nos bastidores, a informa\u00e7\u00e3o \u00e9 que as aulas retornam na pr\u00f3xima segunda, 19, informa\u00e7\u00e3o confirmada por uma fonte ouvida por A TARDE.<\/p>\n<p><strong>Reajuste<\/strong><\/p>\n<p>Ap\u00f3s quatro meses parados e com os sal\u00e1rios corro\u00eddos pela infla\u00e7\u00e3o, os docentes &#8211; e demais servidores federais &#8211;\u00a0 aceitaram\u00a0 reajuste de 10,6%, a serem pagos em duas parcelas: a primeira, de 5,6%, em agosto de 2016; a\u00a0\u00a0 segunda, de 5%, em janeiro de 2017, ambas j\u00e1 compreendendo perdas inflacion\u00e1rias no per\u00edodo.<\/p>\n<p>Para o professor de ci\u00eancia pol\u00edtica da Ufba, Joviniano de Carvalho Neto, o ponto positivo da greve foi a sociedade baiana ter tomado conhecimento dos &#8220;graves problemas&#8221; que a institui\u00e7\u00e3o enfrenta. &#8220;E\u00a0 esse foi o \u00fanico. Porque o reajuste salarial foi muito abaixo do esperado. O que certamente permitir\u00e1 uma luta posterior&#8221;, avisou Joviniano.<\/p>\n<p>Com 139 dias, esta foi a greve de maior dura\u00e7\u00e3o da hist\u00f3ria da Ufba. De acordo com a assessoria de comunica\u00e7\u00e3o da universidade, o semestre letivo 2015.1 n\u00e3o ser\u00e1 cancelado e os alunos matriculados ter\u00e3o as cargas hor\u00e1rias das disciplinas garantidas.<\/p>\n<p>Informou tamb\u00e9m que o semestre 2015.2 ocorrer\u00e1 normalmente, em per\u00edodo a ser definido, quando o calend\u00e1rio acad\u00eamico for reformulado, com a defini\u00e7\u00e3o inclusive de um novo per\u00edodo de matr\u00edcula.<\/p>\n<p>Iniciada \u00e0s 14h30, a assembleia que ratificou o fim do movimento, embora lotada de professores, atraiu poucos estudantes. Presente em todos os encontros, o estudante Davi Le\u00e3o disse que a greve na universidade\u00a0 n\u00e3o fazia mais sentido.<\/p>\n<p><strong>Tempo perdido<\/strong><\/p>\n<p>&#8220;No in\u00edcio, todos foram a favor, mas com o passar do tempo vimos que j\u00e1 n\u00e3o tinha for\u00e7a e n\u00e3o deveria continuar. Agora, como em toda greve na Ufba, quem pagar\u00e1 pelo tempo perdido seremos n\u00f3s, estudantes&#8221;.<\/p>\n<p>*A Tarde<\/p>\n","protected":false},"excerpt":{"rendered":"<p>A maioria dos professores da Universidade Federal da Bahia (Ufba) votou nesta quarta-feira, 14, pelo fim da greve durante assembleia realizada \u00e0 tarde no audit\u00f3rio da Faculdade de Arquitetura, localizada na Federa\u00e7\u00e3o. A maioria decidiu seguir o indicativo aprovado pelos comandos local e nacional, de sa\u00edda unificada do movimento. No total, 129 votaram pelo fim [&hellip;]<\/p>\n","protected":false},"author":1,"featured_media":41937,"comment_status":"open","ping_status":"closed","sticky":false,"template":"","format":"standard","meta":[],"categories":[28],"tags":[],"_links":{"self":[{"href":"http:\/\/blitzconquista.com.br\/index.php?rest_route=\/wp\/v2\/posts\/41936"}],"collection":[{"href":"http:\/\/blitzconquista.com.br\/index.php?rest_route=\/wp\/v2\/posts"}],"about":[{"href":"http:\/\/blitzconquista.com.br\/index.php?rest_route=\/wp\/v2\/types\/post"}],"author":[{"embeddable":true,"href":"http:\/\/blitzconquista.com.br\/index.php?rest_route=\/wp\/v2\/users\/1"}],"replies":[{"embeddable":true,"href":"http:\/\/blitzconquista.com.br\/index.php?rest_route=%2Fwp%2Fv2%2Fcomments&post=41936"}],"version-history":[{"count":0,"href":"http:\/\/blitzconquista.com.br\/index.php?rest_route=\/wp\/v2\/posts\/41936\/revisions"}],"wp:featuredmedia":[{"embeddable":true,"href":"http:\/\/blitzconquista.com.br\/index.php?rest_route=\/wp\/v2\/media\/41937"}],"wp:attachment":[{"href":"http:\/\/blitzconquista.com.br\/index.php?rest_route=%2Fwp%2Fv2%2Fmedia&parent=41936"}],"wp:term":[{"taxonomy":"category","embeddable":true,"href":"http:\/\/blitzconquista.com.br\/index.php?rest_route=%2Fwp%2Fv2%2Fcategories&post=41936"},{"taxonomy":"post_tag","embeddable":true,"href":"http:\/\/blitzconquista.com.br\/index.php?rest_route=%2Fwp%2Fv2%2Ftags&post=41936"}],"curies":[{"name":"wp","href":"https:\/\/api.w.org\/{rel}","templated":true}]}}