{"id":42006,"date":"2015-10-15T22:36:03","date_gmt":"2015-10-16T01:36:03","guid":{"rendered":"http:\/\/blitzconquista.com.br\/?p=42006"},"modified":"2015-10-15T22:36:23","modified_gmt":"2015-10-16T01:36:23","slug":"cancer-colorretal-e-o-segundo-mais-prevalente-em-mulheres-brasileiras","status":"publish","type":"post","link":"http:\/\/blitzconquista.com.br\/?p=42006","title":{"rendered":"C\u00e2ncer colorretal \u00e9 o segundo mais prevalente em mulheres brasileiras"},"content":{"rendered":"<p class=\"rtejustify\"><img decoding=\"async\" loading=\"lazy\" class=\" wp-image-42008 aligncenter\" src=\"http:\/\/blitzconquista.com.br\/wp-content\/uploads\/2015\/10\/alimentacao_saudavel_e_equilibrada.jpg\" alt=\"alimentacao_saudavel_e_equilibrada\" width=\"694\" height=\"234\" srcset=\"http:\/\/blitzconquista.com.br\/wp-content\/uploads\/2015\/10\/alimentacao_saudavel_e_equilibrada.jpg 1100w, http:\/\/blitzconquista.com.br\/wp-content\/uploads\/2015\/10\/alimentacao_saudavel_e_equilibrada-300x101.jpg 300w, http:\/\/blitzconquista.com.br\/wp-content\/uploads\/2015\/10\/alimentacao_saudavel_e_equilibrada-695x234.jpg 695w\" sizes=\"(max-width: 694px) 100vw, 694px\" \/><\/p>\n<p class=\"rtejustify\">O c\u00e2ncer colorretal, ou c\u00e2ncer do intestino \u00e9 o segundo mais prevalente em mulheres, e o terceiro em homens. Para falar do assunto o programa Cotidiano conversou com oncologista do Instituto de Oncologia Alian\u00e7a e do Hospital de Base do Distrito Federal (DF), M\u00e1rcio Paes. Ele explica que a principal causa est\u00e1 relacionada \u00e0 alimenta\u00e7\u00e3o pobre em fibras e rica em gorduras, carboidratos e carnes, elementos de dif\u00edcil digest\u00e3o e que deixa o intestino mais preso e \u00e0 obesidade. A doen\u00e7a pode ser diagnosticada precocemente e mudar esse quadro.<\/p>\n<p>O oncologista diz que os sintomas da doen\u00e7a s\u00e3o fraqueza, indisposi\u00e7\u00e3o, mudan\u00e7as nos h\u00e1bitos intestinais que de uma hora para outra passa de intestino preso para solto, e outro sinal de alerta muito importante \u00e9 o sangramento nas fezes, que deve ser investigado. Muitas vezes \u00e9 uma doen\u00e7a silenciosa e que s\u00f3 vai ser diagnosticada quando d\u00e1 os sintomas que j\u00e1 s\u00e3o sinais de gravidade.<\/p>\n<p class=\"rtejustify\">Confira\u00a0a entrevista no player abaixo,\u00a0para saber mais sobre o assunto:<\/p>\n<div class=\"dnd-atom-wrapper type-audio context-sdl_editor_representation\" contenteditable=\"false\">\n<div class=\"dnd-drop-wrapper\">\n<div class=\"image\">\n<div class=\"mejs-wrapper mejs-turquoise\">\n<div id=\"mep_0\" class=\"mejs-container svg mejs-audio\">\n<div class=\"mejs-inner\">\n<div class=\"mejs-mediaelement\">\n<p><audio id=\"scald-audio-608140\" src=\"http:\/\/www.ebc.com.br\/sites\/_portalebc2014\/files\/atoms\/audio\/cancer_colorretal_e_o_segundo_mais_prevalente_em_mulheres_brasileiras.mp3\"><\/p>\n<p><\/audio><\/p>\n<\/div>\n<div class=\"mejs-layers\"><\/div>\n<div class=\"mejs-controls\"><\/div>\n<\/div>\n<\/div>\n<\/div>\n<\/div>\n<\/div>\n<\/div>\n<div class=\"mejs-time mejs-currenttime-container\"><span class=\"mejs-currenttime\">00:00<\/span><\/div>\n<div class=\"mejs-time-rail\"><\/div>\n<div class=\"mejs-time mejs-duration-container\"><span class=\"mejs-duration\">09:34<\/span><\/div>\n<div class=\"mejs-button mejs-volume-button mejs-mute\"><\/div>\n<div class=\"dnd-atom-wrapper type-audio context-sdl_editor_representation\" contenteditable=\"false\">\n<div class=\"dnd-drop-wrapper\"><\/div>\n<div class=\"dnd-legend-wrapper\" contenteditable=\"true\">\n<div class=\"meta\"><em><span class=\"legenda\">C\u00e2ncer colorretal \u00e9 o segundo mais prevalente em mulheres brasileiras<\/span><\/em><\/div>\n<\/div>\n<\/div>\n<p class=\"rtejustify\">M\u00e1rcio Paes esclarece que o diagn\u00f3stico precoce \u00e9 o que mais muda o progn\u00f3stico do c\u00e2ncer colorretal, por meio do exame de pesquisa de sangue oculto nas fezes e a colonoscopia que toda pessoa a partir dos 50 anos de idade deve fazer, como uma preven\u00e7\u00e3o, para ver se h\u00e1 p\u00f3lipos e at\u00e9 uma les\u00e3o mais suspeita. Ele avalia que esses exames s\u00e3o simples e podem ser feito em qualquer capital do pa\u00eds.<\/p>\n<p class=\"rtejustify\"><img decoding=\"async\" loading=\"lazy\" class=\"alignnone size-full wp-image-38965\" src=\"http:\/\/blitzconquista.com.br\/wp-content\/uploads\/2015\/08\/agencia_brasil_logo.png\" alt=\"agencia_brasil_logo\" width=\"150\" height=\"35\" \/><\/p>\n","protected":false},"excerpt":{"rendered":"<p>O c\u00e2ncer colorretal, ou c\u00e2ncer do intestino \u00e9 o segundo mais prevalente em mulheres, e o terceiro em homens. Para falar do assunto o programa Cotidiano conversou com oncologista do Instituto de Oncologia Alian\u00e7a e do Hospital de Base do Distrito Federal (DF), M\u00e1rcio Paes. Ele explica que a principal causa est\u00e1 relacionada \u00e0 alimenta\u00e7\u00e3o [&hellip;]<\/p>\n","protected":false},"author":1,"featured_media":42008,"comment_status":"open","ping_status":"closed","sticky":false,"template":"","format":"standard","meta":[],"categories":[30],"tags":[],"_links":{"self":[{"href":"http:\/\/blitzconquista.com.br\/index.php?rest_route=\/wp\/v2\/posts\/42006"}],"collection":[{"href":"http:\/\/blitzconquista.com.br\/index.php?rest_route=\/wp\/v2\/posts"}],"about":[{"href":"http:\/\/blitzconquista.com.br\/index.php?rest_route=\/wp\/v2\/types\/post"}],"author":[{"embeddable":true,"href":"http:\/\/blitzconquista.com.br\/index.php?rest_route=\/wp\/v2\/users\/1"}],"replies":[{"embeddable":true,"href":"http:\/\/blitzconquista.com.br\/index.php?rest_route=%2Fwp%2Fv2%2Fcomments&post=42006"}],"version-history":[{"count":0,"href":"http:\/\/blitzconquista.com.br\/index.php?rest_route=\/wp\/v2\/posts\/42006\/revisions"}],"wp:featuredmedia":[{"embeddable":true,"href":"http:\/\/blitzconquista.com.br\/index.php?rest_route=\/wp\/v2\/media\/42008"}],"wp:attachment":[{"href":"http:\/\/blitzconquista.com.br\/index.php?rest_route=%2Fwp%2Fv2%2Fmedia&parent=42006"}],"wp:term":[{"taxonomy":"category","embeddable":true,"href":"http:\/\/blitzconquista.com.br\/index.php?rest_route=%2Fwp%2Fv2%2Fcategories&post=42006"},{"taxonomy":"post_tag","embeddable":true,"href":"http:\/\/blitzconquista.com.br\/index.php?rest_route=%2Fwp%2Fv2%2Ftags&post=42006"}],"curies":[{"name":"wp","href":"https:\/\/api.w.org\/{rel}","templated":true}]}}