{"id":42075,"date":"2015-10-16T21:12:42","date_gmt":"2015-10-17T00:12:42","guid":{"rendered":"http:\/\/blitzconquista.com.br\/?p=42075"},"modified":"2015-10-16T21:12:42","modified_gmt":"2015-10-17T00:12:42","slug":"pesquisa-revela-que-brasileiro-esta-insatisfeito-com-o-transporte-publico","status":"publish","type":"post","link":"http:\/\/blitzconquista.com.br\/?p=42075","title":{"rendered":"Pesquisa revela que brasileiro est\u00e1 insatisfeito com o transporte p\u00fablico"},"content":{"rendered":"<p>Um em cada quatro brasileiros se desloca de \u00f4nibus para as atividades do cotidiano, como ir ao trabalho ou \u00e0 escola. Os dados constam de um levantamento sobre transporte p\u00fablico encomendado pela Confedera\u00e7\u00e3o Nacional da Ind\u00fastria (CNI) e indicam que, diariamente, um quarto dos brasileiros (25%) vai de \u00f4nibus para o trabalho ou para a escola.<\/p>\n<p>Os que fazem o percurso a p\u00e9 somam 22%. J\u00e1 o autom\u00f3vel da fam\u00edlia \u00e9 o meio de locomo\u00e7\u00e3o adotado por 19% da popula\u00e7\u00e3o, seguido pelo uso de motocicletas (10%) e de \u00f4nibus ou van fretados (9%). Apenas 7% dos brasileiros se deslocam, no dia a dia, de bicicleta.<\/p>\n<div class=\"dnd-atom-wrapper type-audio context-sdl_editor_representation\" contenteditable=\"false\">\n<div class=\"dnd-drop-wrapper\">\n<div class=\"image\">\n<div class=\"mejs-wrapper mejs-turquoise\">\n<div id=\"mep_0\" class=\"mejs-container svg mejs-audio\">\n<div class=\"mejs-inner\">\n<div class=\"mejs-mediaelement\"><audio id=\"scald-audio-608122\" src=\"http:\/\/www.ebc.com.br\/sites\/_portalebc2014\/files\/atoms\/audio\/098a8c36aa9b631bc0c851ab84a63e43_0.mp3\"><\/p>\n<p>  \t\t<\/audio><\/div>\n<div class=\"mejs-layers\"><\/div>\n<div class=\"mejs-controls\"><\/div>\n<\/div>\n<\/div>\n<\/div>\n<\/div>\n<\/div>\n<\/div>\n<div class=\"mejs-time mejs-currenttime-container\"><span class=\"mejs-currenttime\">00:00<\/span><\/div>\n<div class=\"mejs-time-rail\"><\/div>\n<div class=\"mejs-time mejs-duration-container\"><span class=\"mejs-duration\">21:37<\/span><\/div>\n<div class=\"mejs-button mejs-volume-button mejs-mute\"><\/div>\n<div class=\"dnd-atom-wrapper type-audio context-sdl_editor_representation\" contenteditable=\"false\">\n<div class=\"dnd-drop-wrapper\"><\/div>\n<div class=\"dnd-legend-wrapper\" contenteditable=\"true\">\n<div class=\"meta\"><span class=\"licenca\">Creative Commons &#8211; CC BY 3.0<\/span> &#8211; <span class=\"legenda\">Pesquisa revela que brasileiro est\u00e1 insatisfeito com o transporte p\u00fablico<\/span><\/div>\n<\/div>\n<\/div>\n<p>O Ibope, instituto contratado pela confedera\u00e7\u00e3o, ouviu 2.002 pessoas, no ano passado, em 142 cidades, e constatou que o brasileiro est\u00e1 mais insatisfeito com as op\u00e7\u00f5es de transporte. O percentual de entrevistados que avaliou o transporte como ruim ou p\u00e9ssimo subiu de 26%, em 2011, para 32%, na \u00faltima sondagem. J\u00e1 a parcela de brasileiros que avaliou o setor como bom ou \u00f3timo caiu de 39% h\u00e1 quatro anos, para 24%.<\/p>\n<h2>Tr\u00e2nsito<\/h2>\n<p>Entre os problemas apontados pelos usu\u00e1rios est\u00e1 o tempo gasto para se chegar aos destinos: h\u00e1 quatro anos, 26% das pessoas levavam mais de uma hora para chegar ao destino. O percentual passou para 31%. A maioria (74%) perde at\u00e9 uma hora no tr\u00e2nsito. Em 2011, esse percentual era 69%.<\/p>\n<p>No caso dos brasileiros que levam mais de duas horas no tr\u00e2nsito, 22% est\u00e3o nos \u00f4nibus ante 9% em carros. J\u00e1 no percurso de at\u00e9 uma hora, 51% ocupam assentos de \u00f4nibus enquanto 76% est\u00e3o em carros.<\/p>\n<p>*Com informa\u00e7\u00f5es da Ag\u00eancia Brasil<\/p>\n<p>&nbsp;<\/p>\n","protected":false},"excerpt":{"rendered":"<p>Um em cada quatro brasileiros se desloca de \u00f4nibus para as atividades do cotidiano, como ir ao trabalho ou \u00e0 escola. Os dados constam de um levantamento sobre transporte p\u00fablico encomendado pela Confedera\u00e7\u00e3o Nacional da Ind\u00fastria (CNI) e indicam que, diariamente, um quarto dos brasileiros (25%) vai de \u00f4nibus para o trabalho ou para a [&hellip;]<\/p>\n","protected":false},"author":1,"featured_media":42077,"comment_status":"open","ping_status":"closed","sticky":false,"template":"","format":"standard","meta":[],"categories":[4],"tags":[],"_links":{"self":[{"href":"http:\/\/blitzconquista.com.br\/index.php?rest_route=\/wp\/v2\/posts\/42075"}],"collection":[{"href":"http:\/\/blitzconquista.com.br\/index.php?rest_route=\/wp\/v2\/posts"}],"about":[{"href":"http:\/\/blitzconquista.com.br\/index.php?rest_route=\/wp\/v2\/types\/post"}],"author":[{"embeddable":true,"href":"http:\/\/blitzconquista.com.br\/index.php?rest_route=\/wp\/v2\/users\/1"}],"replies":[{"embeddable":true,"href":"http:\/\/blitzconquista.com.br\/index.php?rest_route=%2Fwp%2Fv2%2Fcomments&post=42075"}],"version-history":[{"count":0,"href":"http:\/\/blitzconquista.com.br\/index.php?rest_route=\/wp\/v2\/posts\/42075\/revisions"}],"wp:featuredmedia":[{"embeddable":true,"href":"http:\/\/blitzconquista.com.br\/index.php?rest_route=\/wp\/v2\/media\/42077"}],"wp:attachment":[{"href":"http:\/\/blitzconquista.com.br\/index.php?rest_route=%2Fwp%2Fv2%2Fmedia&parent=42075"}],"wp:term":[{"taxonomy":"category","embeddable":true,"href":"http:\/\/blitzconquista.com.br\/index.php?rest_route=%2Fwp%2Fv2%2Fcategories&post=42075"},{"taxonomy":"post_tag","embeddable":true,"href":"http:\/\/blitzconquista.com.br\/index.php?rest_route=%2Fwp%2Fv2%2Ftags&post=42075"}],"curies":[{"name":"wp","href":"https:\/\/api.w.org\/{rel}","templated":true}]}}