{"id":42081,"date":"2015-10-16T21:26:36","date_gmt":"2015-10-17T00:26:36","guid":{"rendered":"http:\/\/blitzconquista.com.br\/?p=42081"},"modified":"2015-10-16T21:27:14","modified_gmt":"2015-10-17T00:27:14","slug":"porco-espinho-e-capturado-no-nova-cidade","status":"publish","type":"post","link":"http:\/\/blitzconquista.com.br\/?p=42081","title":{"rendered":"Porco espinho \u00e9 capturado no Nova Cidade"},"content":{"rendered":"<p>O ouri\u00e7o foi capturado por populares, nas imedia\u00e7\u00f5es do bairro Nova Cidade, em Vit\u00f3ria da Conquista, na noite desta sexta-feira, 16.<\/p>\n<p><img decoding=\"async\" loading=\"lazy\" class=\"size-full wp-image-42083 aligncenter\" src=\"http:\/\/blitzconquista.com.br\/wp-content\/uploads\/2015\/10\/ouri\u00e7o.jpg\" alt=\"ouri\u00e7o\" width=\"500\" height=\"756\" srcset=\"http:\/\/blitzconquista.com.br\/wp-content\/uploads\/2015\/10\/ouri\u00e7o.jpg 500w, http:\/\/blitzconquista.com.br\/wp-content\/uploads\/2015\/10\/ouri\u00e7o-198x300.jpg 198w, http:\/\/blitzconquista.com.br\/wp-content\/uploads\/2015\/10\/ouri\u00e7o-432x653.jpg 432w\" sizes=\"(max-width: 500px) 100vw, 500px\" \/><\/p>\n<p>O roedor da fam\u00edlia <strong><em>Coendou prehensilis <\/em><\/strong>foi deixado na Base Comunit\u00e1ria de Seguran\u00e7a do bairro e levado pelos bombeiros para o Centro de Triagem de Animais Silvestres \u2013 Cetas.<\/p>\n<p><img decoding=\"async\" loading=\"lazy\" class=\"wp-image-42082 aligncenter\" src=\"http:\/\/blitzconquista.com.br\/wp-content\/uploads\/2015\/10\/20151016164036.jpg\" alt=\"20151016164036\" width=\"576\" height=\"576\" srcset=\"http:\/\/blitzconquista.com.br\/wp-content\/uploads\/2015\/10\/20151016164036.jpg 848w, http:\/\/blitzconquista.com.br\/wp-content\/uploads\/2015\/10\/20151016164036-150x150.jpg 150w, http:\/\/blitzconquista.com.br\/wp-content\/uploads\/2015\/10\/20151016164036-300x300.jpg 300w, http:\/\/blitzconquista.com.br\/wp-content\/uploads\/2015\/10\/20151016164036-653x653.jpg 653w, http:\/\/blitzconquista.com.br\/wp-content\/uploads\/2015\/10\/20151016164036-45x45.jpg 45w\" sizes=\"(max-width: 576px) 100vw, 576px\" \/><\/p>\n","protected":false},"excerpt":{"rendered":"<p>O ouri\u00e7o foi capturado por populares, nas imedia\u00e7\u00f5es do bairro Nova Cidade, em Vit\u00f3ria da Conquista, na noite desta sexta-feira, 16. O roedor da fam\u00edlia Coendou prehensilis foi deixado na Base Comunit\u00e1ria de Seguran\u00e7a do bairro e levado pelos bombeiros para o Centro de Triagem de Animais Silvestres \u2013 Cetas.<\/p>\n","protected":false},"author":1,"featured_media":42084,"comment_status":"open","ping_status":"closed","sticky":false,"template":"","format":"standard","meta":[],"categories":[4],"tags":[],"_links":{"self":[{"href":"http:\/\/blitzconquista.com.br\/index.php?rest_route=\/wp\/v2\/posts\/42081"}],"collection":[{"href":"http:\/\/blitzconquista.com.br\/index.php?rest_route=\/wp\/v2\/posts"}],"about":[{"href":"http:\/\/blitzconquista.com.br\/index.php?rest_route=\/wp\/v2\/types\/post"}],"author":[{"embeddable":true,"href":"http:\/\/blitzconquista.com.br\/index.php?rest_route=\/wp\/v2\/users\/1"}],"replies":[{"embeddable":true,"href":"http:\/\/blitzconquista.com.br\/index.php?rest_route=%2Fwp%2Fv2%2Fcomments&post=42081"}],"version-history":[{"count":0,"href":"http:\/\/blitzconquista.com.br\/index.php?rest_route=\/wp\/v2\/posts\/42081\/revisions"}],"wp:featuredmedia":[{"embeddable":true,"href":"http:\/\/blitzconquista.com.br\/index.php?rest_route=\/wp\/v2\/media\/42084"}],"wp:attachment":[{"href":"http:\/\/blitzconquista.com.br\/index.php?rest_route=%2Fwp%2Fv2%2Fmedia&parent=42081"}],"wp:term":[{"taxonomy":"category","embeddable":true,"href":"http:\/\/blitzconquista.com.br\/index.php?rest_route=%2Fwp%2Fv2%2Fcategories&post=42081"},{"taxonomy":"post_tag","embeddable":true,"href":"http:\/\/blitzconquista.com.br\/index.php?rest_route=%2Fwp%2Fv2%2Ftags&post=42081"}],"curies":[{"name":"wp","href":"https:\/\/api.w.org\/{rel}","templated":true}]}}