{"id":42112,"date":"2015-10-17T10:42:33","date_gmt":"2015-10-17T13:42:33","guid":{"rendered":"http:\/\/blitzconquista.com.br\/?p=42112"},"modified":"2015-10-17T10:42:40","modified_gmt":"2015-10-17T13:42:40","slug":"o-botecao-continuam-as-obras-do-novo-aeroporto-edital-de-licitacao-da-area-de-embarque-pode-sair-nos-proximos-dias","status":"publish","type":"post","link":"http:\/\/blitzconquista.com.br\/?p=42112","title":{"rendered":"\u201cO Botec\u00e3o\u201d: continuam as obras do novo aeroporto; edital de licita\u00e7\u00e3o da \u00e1rea de embarque pode sair nos pr\u00f3ximos dias"},"content":{"rendered":"<p>\u00c9 aguardada para os pr\u00f3ximos dias a publica\u00e7\u00e3o do edital de licita\u00e7\u00e3o da \u00e1rea de embarque do novo aeroporto de Vit\u00f3ria da Conquista, localizado na regi\u00e3o do P\u00e9 de Galinha.<\/p>\n<p><img decoding=\"async\" loading=\"lazy\" class=\"size-full wp-image-42114 aligncenter\" src=\"http:\/\/blitzconquista.com.br\/wp-content\/uploads\/2015\/10\/cham-10\u00aa-medicao-598x399.jpg\" alt=\"cham-10\u00aa-medicao-598x399\" width=\"598\" height=\"399\" srcset=\"http:\/\/blitzconquista.com.br\/wp-content\/uploads\/2015\/10\/cham-10\u00aa-medicao-598x399.jpg 598w, http:\/\/blitzconquista.com.br\/wp-content\/uploads\/2015\/10\/cham-10\u00aa-medicao-598x399-300x200.jpg 300w\" sizes=\"(max-width: 598px) 100vw, 598px\" \/><\/p>\n<p>Desde iniciada a constru\u00e7\u00e3o do aeroporto, as obras n\u00e3o pararam. J\u00e1 est\u00e3o praticamente prontos a pista, o acesso e o pr\u00e9dio de combate a inc\u00eandio, onde os bombeiros ficaram abrigados.<\/p>\n<p><img decoding=\"async\" loading=\"lazy\" class=\"size-full wp-image-42113 aligncenter\" src=\"http:\/\/blitzconquista.com.br\/wp-content\/uploads\/2015\/10\/SC2_1660-598x399.jpg\" alt=\"SC2_1660-598x399\" width=\"598\" height=\"399\" srcset=\"http:\/\/blitzconquista.com.br\/wp-content\/uploads\/2015\/10\/SC2_1660-598x399.jpg 598w, http:\/\/blitzconquista.com.br\/wp-content\/uploads\/2015\/10\/SC2_1660-598x399-300x200.jpg 300w\" sizes=\"(max-width: 598px) 100vw, 598px\" \/><\/p>\n<p>Fruto de um \u201csonho de boteco\u201d como declarou o ent\u00e3o na \u00e9poca vice-governador Otto Alencar, fazendo refer\u00eancia a improv\u00e1vel obra do aeroporto, alguns o apelidaram de \u201cO Botec\u00e3o\u201d.<\/p>\n","protected":false},"excerpt":{"rendered":"<p>\u00c9 aguardada para os pr\u00f3ximos dias a publica\u00e7\u00e3o do edital de licita\u00e7\u00e3o da \u00e1rea de embarque do novo aeroporto de Vit\u00f3ria da Conquista, localizado na regi\u00e3o do P\u00e9 de Galinha. Desde iniciada a constru\u00e7\u00e3o do aeroporto, as obras n\u00e3o pararam. J\u00e1 est\u00e3o praticamente prontos a pista, o acesso e o pr\u00e9dio de combate a inc\u00eandio, [&hellip;]<\/p>\n","protected":false},"author":1,"featured_media":42114,"comment_status":"open","ping_status":"closed","sticky":false,"template":"","format":"standard","meta":[],"categories":[4,5],"tags":[],"_links":{"self":[{"href":"http:\/\/blitzconquista.com.br\/index.php?rest_route=\/wp\/v2\/posts\/42112"}],"collection":[{"href":"http:\/\/blitzconquista.com.br\/index.php?rest_route=\/wp\/v2\/posts"}],"about":[{"href":"http:\/\/blitzconquista.com.br\/index.php?rest_route=\/wp\/v2\/types\/post"}],"author":[{"embeddable":true,"href":"http:\/\/blitzconquista.com.br\/index.php?rest_route=\/wp\/v2\/users\/1"}],"replies":[{"embeddable":true,"href":"http:\/\/blitzconquista.com.br\/index.php?rest_route=%2Fwp%2Fv2%2Fcomments&post=42112"}],"version-history":[{"count":0,"href":"http:\/\/blitzconquista.com.br\/index.php?rest_route=\/wp\/v2\/posts\/42112\/revisions"}],"wp:featuredmedia":[{"embeddable":true,"href":"http:\/\/blitzconquista.com.br\/index.php?rest_route=\/wp\/v2\/media\/42114"}],"wp:attachment":[{"href":"http:\/\/blitzconquista.com.br\/index.php?rest_route=%2Fwp%2Fv2%2Fmedia&parent=42112"}],"wp:term":[{"taxonomy":"category","embeddable":true,"href":"http:\/\/blitzconquista.com.br\/index.php?rest_route=%2Fwp%2Fv2%2Fcategories&post=42112"},{"taxonomy":"post_tag","embeddable":true,"href":"http:\/\/blitzconquista.com.br\/index.php?rest_route=%2Fwp%2Fv2%2Ftags&post=42112"}],"curies":[{"name":"wp","href":"https:\/\/api.w.org\/{rel}","templated":true}]}}