{"id":42199,"date":"2015-10-18T17:58:46","date_gmt":"2015-10-18T20:58:46","guid":{"rendered":"http:\/\/blitzconquista.com.br\/?p=42199"},"modified":"2015-10-18T18:01:41","modified_gmt":"2015-10-18T21:01:41","slug":"sao-falsas-fotos-de-provas-do-enem-nas-redes-sociais-diz-inep","status":"publish","type":"post","link":"http:\/\/blitzconquista.com.br\/?p=42199","title":{"rendered":"S\u00e3o falsas as fotos de provas do Enem nas redes sociais, diz Inep"},"content":{"rendered":"<p>A uma semana da realiza\u00e7\u00e3o das provas do Exame Nacional do Ensino M\u00e9dio (Enem), o Instituto Nacional de Estudos e Pesquisas Educacionais An\u00edsio Teixeira (Inep) divulgou, em sua p\u00e1gina oficial no Twitter, que s\u00e3o falsas as fotos de supostas capas de dois modelos da avalia\u00e7\u00e3o e o tema da reda\u00e7\u00e3o do Enem de 2015 que circulam pelas redes sociais hoje.<\/p>\n<p>&#8220;Aten\u00e7\u00e3o participantes do #Enem2015! As provas que est\u00e3o circulando s\u00e3o falsas&#8221;, diz o comunicado. Em 2009, a prova do Enem foi cancelada pelo Minist\u00e9rio da Educa\u00e7\u00e3o (MEC), ap\u00f3s o vazamento confirmado de informa\u00e7\u00f5es.<\/p>\n<figure class=\"teaser\">\n<figure style=\"width: 580px\" class=\"wp-caption aligncenter\"><img decoding=\"async\" loading=\"lazy\" class=\"Image img__fid__41313 img__view_mode__teaser attr__format__teaser imagem_post\" src=\"http:\/\/agenciabrasil.ebc.com.br\/sites\/_agenciabrasil2013\/files\/styles\/interna_grande\/public\/twitter_do_inep.jpg?itok=wthq4oqN\" alt=\"Inep diz que s\u00e3o falsas fotos de provas do Enem \" width=\"580\" height=\"388\" \/><figcaption class=\"wp-caption-text\">Inep diz que s\u00e3o falsas fotos que circulam na internet de supostas provas do Enem Twitter do Inep<\/figcaption><\/figure><figcaption><\/figcaption><\/figure>\n<p>No pr\u00f3ximo fim de semana, mais de 7,7 milh\u00f5es de estudantes far\u00e3o quatro provas objetivas, cada uma com 45 quest\u00f5es de m\u00faltipla escolha e uma prova de reda\u00e7\u00e3o. No s\u00e1bado, 24 de outubro, ser\u00e3o aplicadas as provas de ci\u00eancias humanas e suas tecnologias e de ci\u00eancias da natureza e suas tecnologias, com dura\u00e7\u00e3o de quatro horas e trinta minutos, contadas a partir da autoriza\u00e7\u00e3o do aplicador. No domingo, 25, ser\u00e1 a vez de linguagens, c\u00f3digos e suas tecnologias, reda\u00e7\u00e3o e matem\u00e1tica e suas tecnologias, com dura\u00e7\u00e3o de cinco horas e trinta minutos.<\/p>\n<p><img decoding=\"async\" loading=\"lazy\" class=\"alignnone size-full wp-image-38965\" src=\"http:\/\/blitzconquista.com.br\/wp-content\/uploads\/2015\/08\/agencia_brasil_logo.png\" alt=\"agencia_brasil_logo\" width=\"150\" height=\"35\" \/><\/p>\n","protected":false},"excerpt":{"rendered":"<p>A uma semana da realiza\u00e7\u00e3o das provas do Exame Nacional do Ensino M\u00e9dio (Enem), o Instituto Nacional de Estudos e Pesquisas Educacionais An\u00edsio Teixeira (Inep) divulgou, em sua p\u00e1gina oficial no Twitter, que s\u00e3o falsas as fotos de supostas capas de dois modelos da avalia\u00e7\u00e3o e o tema da reda\u00e7\u00e3o do Enem de 2015 que [&hellip;]<\/p>\n","protected":false},"author":1,"featured_media":42200,"comment_status":"open","ping_status":"closed","sticky":false,"template":"","format":"standard","meta":[],"categories":[28],"tags":[],"_links":{"self":[{"href":"http:\/\/blitzconquista.com.br\/index.php?rest_route=\/wp\/v2\/posts\/42199"}],"collection":[{"href":"http:\/\/blitzconquista.com.br\/index.php?rest_route=\/wp\/v2\/posts"}],"about":[{"href":"http:\/\/blitzconquista.com.br\/index.php?rest_route=\/wp\/v2\/types\/post"}],"author":[{"embeddable":true,"href":"http:\/\/blitzconquista.com.br\/index.php?rest_route=\/wp\/v2\/users\/1"}],"replies":[{"embeddable":true,"href":"http:\/\/blitzconquista.com.br\/index.php?rest_route=%2Fwp%2Fv2%2Fcomments&post=42199"}],"version-history":[{"count":0,"href":"http:\/\/blitzconquista.com.br\/index.php?rest_route=\/wp\/v2\/posts\/42199\/revisions"}],"wp:featuredmedia":[{"embeddable":true,"href":"http:\/\/blitzconquista.com.br\/index.php?rest_route=\/wp\/v2\/media\/42200"}],"wp:attachment":[{"href":"http:\/\/blitzconquista.com.br\/index.php?rest_route=%2Fwp%2Fv2%2Fmedia&parent=42199"}],"wp:term":[{"taxonomy":"category","embeddable":true,"href":"http:\/\/blitzconquista.com.br\/index.php?rest_route=%2Fwp%2Fv2%2Fcategories&post=42199"},{"taxonomy":"post_tag","embeddable":true,"href":"http:\/\/blitzconquista.com.br\/index.php?rest_route=%2Fwp%2Fv2%2Ftags&post=42199"}],"curies":[{"name":"wp","href":"https:\/\/api.w.org\/{rel}","templated":true}]}}